{"id":20654,"date":"2019-12-10T10:40:52","date_gmt":"2019-12-10T13:40:52","guid":{"rendered":"http:\/\/laurbedigital.com.ar\/noticias\/?p=20654"},"modified":"2019-12-10T10:40:52","modified_gmt":"2019-12-10T13:40:52","slug":"alberto-fernandez-asume-hoy-presidente-e-inicia-una-nueva-etapa-la-politica-nacional","status":"publish","type":"post","link":"https:\/\/laurbedigital.com.ar\/noticias\/2019\/12\/10\/alberto-fernandez-asume-hoy-presidente-e-inicia-una-nueva-etapa-la-politica-nacional\/","title":{"rendered":"Alberto Fern\u00e1ndez asume hoy como presidente e inicia una nueva etapa en la pol\u00edtica nacional"},"content":{"rendered":"<article class=\"article-body first\">\n<div class=\"article-content selectionShareable\">\n<div class=\"cuerpo\" data-twitter-link=\"\">\n<p>El presidente electo,\u00a0<strong>Alberto Fern\u00e1ndez<\/strong>, asumir\u00e1 hoy como el pr\u00f3ximo jefe de Estado de la\u00a0<strong>Argentina<\/strong>\u00a0y comenzar\u00e1 una nueva etapa pol\u00edtica, acompa\u00f1ado por su vicepresidenta\u00a0<strong>Cristina Kirchner<\/strong>\u00a0y el equipo de ministros que present\u00f3 el viernes pasado.<\/p>\n<\/div>\n<\/div>\n<\/article>\n<article class=\"article-body\">\n<div class=\"article-content selectionShareable\">\n<div class=\"cuerpo\" data-twitter-link=\"\">\n<p>Este lunes,\u00a0<strong>Fern\u00e1ndez\u00a0<\/strong>continu\u00f3 con su agenda de reuniones en sus oficinas de\u00a0<strong>Puerto Madero<\/strong>, donde se concentraron los preparativos para la jornada hist\u00f3rica de hoy.<\/p>\n<p>El mandatario electo recibi\u00f3 al director general de la\u00a0<strong>Organizaci\u00f3n Internacional del Trabajo<\/strong>\u00a0(OIT), el brit\u00e1nico\u00a0<strong>Guy Ryder<\/strong>, y al vicepresidente del\u00a0<strong>Comit\u00e9 Permanente de la Asamblea Popular Nacional de China, Arken Imirbaki<\/strong>, antes de prepararse para la ceremonia de asunci\u00f3n de ma\u00f1ana en el\u00a0<strong>Congreso de la Naci\u00f3n<\/strong>.<\/p>\n<p>En primer turno de la ma\u00f1ana,\u00a0<strong>Fern\u00e1ndez<\/strong>\u00a0se junt\u00f3 con el brit\u00e1nico, en el marco del centenario de la\u00a0<strong>OIT<\/strong>, en una reuni\u00f3n que tambi\u00e9n cont\u00f3 con quien jurar\u00e1 como ministro de Trabajo,\u00a0<strong>Claudio Moroni<\/strong>.<\/p>\n<p><strong>\u00abArgentina garantiza el derecho de los que trabajan, eso nos hizo distintos como sociedad. Vamos a salir adelante sin ajustar a los que menos tienen\u00bb<\/strong>, expres\u00f3 Fern\u00e1ndez.<\/p>\n<\/div>\n<\/div>\n<\/article>\n","protected":false},"excerpt":{"rendered":"<p>El presidente electo,\u00a0Alberto Fern\u00e1ndez, asumir\u00e1 hoy como el pr\u00f3ximo jefe de Estado de la\u00a0Argentina\u00a0y comenzar\u00e1 una nueva etapa pol\u00edtica, acompa\u00f1ado<\/p>\n","protected":false},"author":1,"featured_media":20655,"comment_status":"closed","ping_status":"closed","sticky":false,"template":"","format":"standard","meta":{"kia_subtitle":"","footnotes":"","jetpack_publicize_message":"","jetpack_publicize_feature_enabled":true,"jetpack_social_post_already_shared":true,"jetpack_social_options":{"image_generator_settings":{"template":"highway","default_image_id":0,"font":"","enabled":false},"version":2}},"categories":[3,41],"tags":[],"class_list":["post-20654","post","type-post","status-publish","format-standard","has-post-thumbnail","hentry","category-actualidad","category-nacionales"],"jetpack_publicize_connections":[],"jetpack_featured_media_url":"https:\/\/laurbedigital.com.ar\/noticias\/wp-content\/uploads\/2019\/12\/20191210-nac0001.jpg","_links":{"self":[{"href":"https:\/\/laurbedigital.com.ar\/noticias\/wp-json\/wp\/v2\/posts\/20654","targetHints":{"allow":["GET"]}}],"collection":[{"href":"https:\/\/laurbedigital.com.ar\/noticias\/wp-json\/wp\/v2\/posts"}],"about":[{"href":"https:\/\/laurbedigital.com.ar\/noticias\/wp-json\/wp\/v2\/types\/post"}],"author":[{"embeddable":true,"href":"https:\/\/laurbedigital.com.ar\/noticias\/wp-json\/wp\/v2\/users\/1"}],"replies":[{"embeddable":true,"href":"https:\/\/laurbedigital.com.ar\/noticias\/wp-json\/wp\/v2\/comments?post=20654"}],"version-history":[{"count":1,"href":"https:\/\/laurbedigital.com.ar\/noticias\/wp-json\/wp\/v2\/posts\/20654\/revisions"}],"predecessor-version":[{"id":20656,"href":"https:\/\/laurbedigital.com.ar\/noticias\/wp-json\/wp\/v2\/posts\/20654\/revisions\/20656"}],"wp:featuredmedia":[{"embeddable":true,"href":"https:\/\/laurbedigital.com.ar\/noticias\/wp-json\/wp\/v2\/media\/20655"}],"wp:attachment":[{"href":"https:\/\/laurbedigital.com.ar\/noticias\/wp-json\/wp\/v2\/media?parent=20654"}],"wp:term":[{"taxonomy":"category","embeddable":true,"href":"https:\/\/laurbedigital.com.ar\/noticias\/wp-json\/wp\/v2\/categories?post=20654"},{"taxonomy":"post_tag","embeddable":true,"href":"https:\/\/laurbedigital.com.ar\/noticias\/wp-json\/wp\/v2\/tags?post=20654"}],"curies":[{"name":"wp","href":"https:\/\/api.w.org\/{rel}","templated":true}]}}