{"id":20629,"date":"2019-12-09T10:51:24","date_gmt":"2019-12-09T13:51:24","guid":{"rendered":"http:\/\/laurbedigital.com.ar\/noticias\/?p=20629"},"modified":"2019-12-09T10:51:24","modified_gmt":"2019-12-09T13:51:24","slug":"kicillof-se-reune-intendentes-bonaerenses","status":"publish","type":"post","link":"https:\/\/laurbedigital.com.ar\/noticias\/2019\/12\/09\/kicillof-se-reune-intendentes-bonaerenses\/","title":{"rendered":"Kicillof se re\u00fane con intendentes bonaerenses"},"content":{"rendered":"<p>El encuentro que se realizar\u00e1 desde las 16 horas en un sal\u00f3n de eventos ubicado en Ram\u00f3n Santamarina 205 de la localidad de El Jag\u00fcel, en el partido bonaerense de Esteban Echeverr\u00eda.<\/p>\n<p>El gobernador electo de la provincia de Buenos Aires, Axel Kicillof, encabezar\u00e1 hoy una \u00abreuni\u00f3n de trabajo\u00bb con intendentes bonaerenses del Partido Justicialista (PJ), informaron fuentes de esa fuerza pol\u00edtica.<\/p>\n<p>El encuentro que se realizar\u00e1 desde las 16 horas en un sal\u00f3n de eventos ubicado en Ram\u00f3n Santamarina 205 de la localidad de El Jag\u00fcel, en el partido bonaerense de Esteban Echeverr\u00eda, administrado por Fernando Gray, quien preside el PJ bonaerense.<\/p>\n","protected":false},"excerpt":{"rendered":"<p>El encuentro que se realizar\u00e1 desde las 16 horas en un sal\u00f3n de eventos ubicado en Ram\u00f3n Santamarina 205 de<\/p>\n","protected":false},"author":1,"featured_media":20630,"comment_status":"closed","ping_status":"closed","sticky":false,"template":"","format":"standard","meta":{"kia_subtitle":"","footnotes":"","jetpack_publicize_message":"","jetpack_publicize_feature_enabled":true,"jetpack_social_post_already_shared":true,"jetpack_social_options":{"image_generator_settings":{"template":"highway","default_image_id":0,"font":"","enabled":false},"version":2}},"categories":[13,22],"tags":[],"class_list":["post-20629","post","type-post","status-publish","format-standard","has-post-thumbnail","hentry","category-region","category-esteban-echeverria"],"jetpack_publicize_connections":[],"jetpack_featured_media_url":"https:\/\/laurbedigital.com.ar\/noticias\/wp-content\/uploads\/2019\/12\/20191209-region0002.jpg","_links":{"self":[{"href":"https:\/\/laurbedigital.com.ar\/noticias\/wp-json\/wp\/v2\/posts\/20629","targetHints":{"allow":["GET"]}}],"collection":[{"href":"https:\/\/laurbedigital.com.ar\/noticias\/wp-json\/wp\/v2\/posts"}],"about":[{"href":"https:\/\/laurbedigital.com.ar\/noticias\/wp-json\/wp\/v2\/types\/post"}],"author":[{"embeddable":true,"href":"https:\/\/laurbedigital.com.ar\/noticias\/wp-json\/wp\/v2\/users\/1"}],"replies":[{"embeddable":true,"href":"https:\/\/laurbedigital.com.ar\/noticias\/wp-json\/wp\/v2\/comments?post=20629"}],"version-history":[{"count":1,"href":"https:\/\/laurbedigital.com.ar\/noticias\/wp-json\/wp\/v2\/posts\/20629\/revisions"}],"predecessor-version":[{"id":20631,"href":"https:\/\/laurbedigital.com.ar\/noticias\/wp-json\/wp\/v2\/posts\/20629\/revisions\/20631"}],"wp:featuredmedia":[{"embeddable":true,"href":"https:\/\/laurbedigital.com.ar\/noticias\/wp-json\/wp\/v2\/media\/20630"}],"wp:attachment":[{"href":"https:\/\/laurbedigital.com.ar\/noticias\/wp-json\/wp\/v2\/media?parent=20629"}],"wp:term":[{"taxonomy":"category","embeddable":true,"href":"https:\/\/laurbedigital.com.ar\/noticias\/wp-json\/wp\/v2\/categories?post=20629"},{"taxonomy":"post_tag","embeddable":true,"href":"https:\/\/laurbedigital.com.ar\/noticias\/wp-json\/wp\/v2\/tags?post=20629"}],"curies":[{"name":"wp","href":"https:\/\/api.w.org\/{rel}","templated":true}]}}