{"id":20620,"date":"2019-12-08T22:57:15","date_gmt":"2019-12-09T01:57:15","guid":{"rendered":"http:\/\/laurbedigital.com.ar\/noticias\/?p=20620"},"modified":"2019-12-08T22:57:15","modified_gmt":"2019-12-09T01:57:15","slug":"guzman-espera-cerrado-acuerdo-bonistas-fmi-marzo","status":"publish","type":"post","link":"https:\/\/laurbedigital.com.ar\/noticias\/2019\/12\/08\/guzman-espera-cerrado-acuerdo-bonistas-fmi-marzo\/","title":{"rendered":"Guzm\u00e1n espera tener cerrado un acuerdo con bonistas y el FMI en marzo"},"content":{"rendered":"<article class=\"article-body first\">\n<div class=\"article-content selectionShareable\">\n<div class=\"cuerpo\" data-twitter-link=\"\">\n<p>El futuro ministro de Econom\u00eda,\u00a0<strong>Mart\u00edn Guzm\u00e1n<\/strong>, espera tener cerrado un acuerdo con los bonistas y el\u00a0FMI\u00a0en marzo pr\u00f3ximo, y postergar los pagos de capital e intereses hasta 2022, para dar tiempo a implementar un plan de crecimiento en la Argentina.<\/p>\n<\/div>\n<\/div>\n<\/article>\n<article class=\"article-body\">\n<div class=\"article-content selectionShareable\">\n<div class=\"cuerpo\" data-twitter-link=\"\">\n<p>Esas ideas forman parte del plan para la \u00absustentabilidad de la\u00a0deuda\u00bb elaborado por el economista y que el presidente Alberto Fern\u00e1ndez decidi\u00f3 adoptar, aunque los matices empezar\u00e1n a develarse en las pr\u00f3ximas semanas, estiman banqueros locales y fondos de inversi\u00f3n de Nueva York.<\/p>\n<p>La propuesta incluye un punto que puede causar algo de ruido entre esos fondos de inversi\u00f3n: \u00abReperfilar los intereses\u00bb de la deuda contra\u00edda por Mauricio Macri.<\/p>\n<\/div>\n<\/div>\n<\/article>\n","protected":false},"excerpt":{"rendered":"<p>El futuro ministro de Econom\u00eda,\u00a0Mart\u00edn Guzm\u00e1n, espera tener cerrado un acuerdo con los bonistas y el\u00a0FMI\u00a0en marzo pr\u00f3ximo, y postergar<\/p>\n","protected":false},"author":1,"featured_media":20621,"comment_status":"closed","ping_status":"closed","sticky":false,"template":"","format":"standard","meta":{"kia_subtitle":"","footnotes":"","jetpack_publicize_message":"","jetpack_publicize_feature_enabled":true,"jetpack_social_post_already_shared":true,"jetpack_social_options":{"image_generator_settings":{"template":"highway","default_image_id":0,"font":"","enabled":false},"version":2}},"categories":[3,41],"tags":[],"class_list":["post-20620","post","type-post","status-publish","format-standard","has-post-thumbnail","hentry","category-actualidad","category-nacionales"],"jetpack_publicize_connections":[],"jetpack_featured_media_url":"https:\/\/laurbedigital.com.ar\/noticias\/wp-content\/uploads\/2019\/12\/20191208-nac40002.jpg","_links":{"self":[{"href":"https:\/\/laurbedigital.com.ar\/noticias\/wp-json\/wp\/v2\/posts\/20620","targetHints":{"allow":["GET"]}}],"collection":[{"href":"https:\/\/laurbedigital.com.ar\/noticias\/wp-json\/wp\/v2\/posts"}],"about":[{"href":"https:\/\/laurbedigital.com.ar\/noticias\/wp-json\/wp\/v2\/types\/post"}],"author":[{"embeddable":true,"href":"https:\/\/laurbedigital.com.ar\/noticias\/wp-json\/wp\/v2\/users\/1"}],"replies":[{"embeddable":true,"href":"https:\/\/laurbedigital.com.ar\/noticias\/wp-json\/wp\/v2\/comments?post=20620"}],"version-history":[{"count":1,"href":"https:\/\/laurbedigital.com.ar\/noticias\/wp-json\/wp\/v2\/posts\/20620\/revisions"}],"predecessor-version":[{"id":20622,"href":"https:\/\/laurbedigital.com.ar\/noticias\/wp-json\/wp\/v2\/posts\/20620\/revisions\/20622"}],"wp:featuredmedia":[{"embeddable":true,"href":"https:\/\/laurbedigital.com.ar\/noticias\/wp-json\/wp\/v2\/media\/20621"}],"wp:attachment":[{"href":"https:\/\/laurbedigital.com.ar\/noticias\/wp-json\/wp\/v2\/media?parent=20620"}],"wp:term":[{"taxonomy":"category","embeddable":true,"href":"https:\/\/laurbedigital.com.ar\/noticias\/wp-json\/wp\/v2\/categories?post=20620"},{"taxonomy":"post_tag","embeddable":true,"href":"https:\/\/laurbedigital.com.ar\/noticias\/wp-json\/wp\/v2\/tags?post=20620"}],"curies":[{"name":"wp","href":"https:\/\/api.w.org\/{rel}","templated":true}]}}