{"id":20613,"date":"2019-12-07T16:07:03","date_gmt":"2019-12-07T19:07:03","guid":{"rendered":"http:\/\/laurbedigital.com.ar\/noticias\/?p=20613"},"modified":"2019-12-07T16:07:03","modified_gmt":"2019-12-07T19:07:03","slug":"hallaron-cuerpo-calcinado-dentro-una-camioneta-canuelas","status":"publish","type":"post","link":"https:\/\/laurbedigital.com.ar\/noticias\/2019\/12\/07\/hallaron-cuerpo-calcinado-dentro-una-camioneta-canuelas\/","title":{"rendered":"Hallaron un cuerpo calcinado dentro de una camioneta en Ca\u00f1uelas"},"content":{"rendered":"<section class=\"boldSection bottomSemiSpaced btPageHeadline gutter  topSemiSpaced wBackground cover btParallax btDarkSkin btBackgroundOverlay btSolidDarkBackground \" data-parallax=\"0.8\" data-parallax-offset=\"-250\">\n<div class=\"port\">\n<header class=\"header btClear extralarge\">\n<div class=\"dash\">\n<div class=\"headline_feat_image_caption\">\n<div class=\"title-news\"><\/div>\n<div class=\"resume-news\">Seg\u00fan voceros, no se pudo determinar si es de un hombre o una mujer. Cerca del veh\u00edculo se encontraron cuatro vainas de una pistola.<\/p>\n<p>Un cuerpo totalmente calcinado fue encontrado esta ma\u00f1ana, dentro de una camioneta, en la ciudad bonaerense de Ca\u00f1uelas y la Polic\u00eda investiga en qu\u00e9 circunstancias se cometi\u00f3 el homicidio, informaron fuentes de la fuerza.<\/p>\n<p>El hallazgo se produjo a las 8.20 en la calle Padre Elizalde sin n\u00famero del barrio San Esteban, a unos dos kil\u00f3metros de la ruta 23 de la mencionada ciudad, ubicada a 60 kil\u00f3metros de la Capital Federal.<\/p>\n<p>Seg\u00fan indicaron los voceros, el cad\u00e1ver, que no se puede determinar si es de un hombre o una mujer, fue encontrado dentro de una camioneta Renault Kangoo blanca, de la cual no se pudieron obtener m\u00e1s datos, ya que est\u00e1 totalmente incendiada.<\/p>\n<p>Cuando la Polic\u00eda recibi\u00f3 un llamado por el hallazgo, concurri\u00f3 al lugar personal del destacamento policial Los Pozos, que preserv\u00f3 la escena a la espera de personal de la Polic\u00eda Cient\u00edfica, que este mediod\u00eda todav\u00eda trabajaba all\u00ed en busca de alg\u00fan rastro que ayude a esclarecer el hecho.<\/p>\n<p>A escasos metros del veh\u00edculo, lo \u00fanico que se encontr\u00f3 fueron cuatro vainas servidas que pertenecer\u00edan a una pistola calibre 9 mil\u00edmetros, de acuerdo con las primeras observaciones,En la causa interviene la Unidad Fiscal de Instrucci\u00f3n n\u00famero 2 de Ca\u00f1uelas, a cargo de Norma Pippo, quien solicit\u00f3 la colaboraci\u00f3n a la DDI San Vicente para esclarecer el hecho, caratulado como \u00abhomicidio\u00bb.<\/p><\/div>\n<\/div>\n<\/div>\n<\/header>\n<\/div>\n<\/section>\n<div class=\"btBlogHeaderContent\">\n<section id=\"bt_section5debf68598318\" class=\"boldSection gutter boxed inherit\">\n<div class=\"port\">\n<div class=\"boldCell\">\n<div class=\"boldCellInner\">\n<div class=\"boldRow \">\n<div class=\"boldRowInner\"><\/div>\n<\/div>\n<\/div>\n<\/div>\n<\/div>\n<\/section>\n<\/div>\n<div class=\"btContentHolder\">\n<div class=\"btContent\">\n<article class=\"boldSection btArticle gutter divider noPhoto post-67137 post type-post status-publish format-standard has-post-thumbnail hentry category-lo-ultimo btPostSingleItemStandard\">\n<div class=\"port\">\n<div class=\"boldCell\">\n<div class=\"boldRow\">\n<div class=\"rowItem col-sm-12 btTextLeft\">\n<div class=\"btArticleContentWrap\">\n<div class=\"btArticleContent\">\n<div class=\"btArticleMeta\">\n<header class=\"header btClear medium\">\n<div class=\"dash\"><\/div>\n<\/header>\n<\/div>\n<\/div>\n<\/div>\n<\/div>\n<\/div>\n<\/div>\n<\/div>\n<\/article>\n<\/div>\n<\/div>\n","protected":false},"excerpt":{"rendered":"<p>Seg\u00fan voceros, no se pudo determinar si es de un hombre o una mujer. Cerca del veh\u00edculo se encontraron cuatro<\/p>\n","protected":false},"author":1,"featured_media":20614,"comment_status":"closed","ping_status":"closed","sticky":false,"template":"","format":"standard","meta":{"kia_subtitle":"","footnotes":"","jetpack_publicize_message":"","jetpack_publicize_feature_enabled":true,"jetpack_social_post_already_shared":true,"jetpack_social_options":{"image_generator_settings":{"template":"highway","default_image_id":0,"font":"","enabled":false},"version":2}},"categories":[8,34],"tags":[2123],"class_list":["post-20613","post","type-post","status-publish","format-standard","has-post-thumbnail","hentry","category-policiales","category-canuelas","tag-cuerpo-calcinado-en-canuelas"],"jetpack_publicize_connections":[],"jetpack_featured_media_url":"https:\/\/laurbedigital.com.ar\/noticias\/wp-content\/uploads\/2019\/12\/20191207-policial.jpg","_links":{"self":[{"href":"https:\/\/laurbedigital.com.ar\/noticias\/wp-json\/wp\/v2\/posts\/20613","targetHints":{"allow":["GET"]}}],"collection":[{"href":"https:\/\/laurbedigital.com.ar\/noticias\/wp-json\/wp\/v2\/posts"}],"about":[{"href":"https:\/\/laurbedigital.com.ar\/noticias\/wp-json\/wp\/v2\/types\/post"}],"author":[{"embeddable":true,"href":"https:\/\/laurbedigital.com.ar\/noticias\/wp-json\/wp\/v2\/users\/1"}],"replies":[{"embeddable":true,"href":"https:\/\/laurbedigital.com.ar\/noticias\/wp-json\/wp\/v2\/comments?post=20613"}],"version-history":[{"count":1,"href":"https:\/\/laurbedigital.com.ar\/noticias\/wp-json\/wp\/v2\/posts\/20613\/revisions"}],"predecessor-version":[{"id":20615,"href":"https:\/\/laurbedigital.com.ar\/noticias\/wp-json\/wp\/v2\/posts\/20613\/revisions\/20615"}],"wp:featuredmedia":[{"embeddable":true,"href":"https:\/\/laurbedigital.com.ar\/noticias\/wp-json\/wp\/v2\/media\/20614"}],"wp:attachment":[{"href":"https:\/\/laurbedigital.com.ar\/noticias\/wp-json\/wp\/v2\/media?parent=20613"}],"wp:term":[{"taxonomy":"category","embeddable":true,"href":"https:\/\/laurbedigital.com.ar\/noticias\/wp-json\/wp\/v2\/categories?post=20613"},{"taxonomy":"post_tag","embeddable":true,"href":"https:\/\/laurbedigital.com.ar\/noticias\/wp-json\/wp\/v2\/tags?post=20613"}],"curies":[{"name":"wp","href":"https:\/\/api.w.org\/{rel}","templated":true}]}}