{"id":20576,"date":"2023-05-29T13:03:01","date_gmt":"2023-05-29T16:03:01","guid":{"rendered":"http:\/\/laurbedigital.com.ar\/noticias\/?p=20576"},"modified":"2023-05-29T01:31:21","modified_gmt":"2023-05-29T04:31:21","slug":"cuando-comenzar-educar-cachorro","status":"publish","type":"post","link":"https:\/\/laurbedigital.com.ar\/noticias\/2023\/05\/29\/cuando-comenzar-educar-cachorro\/","title":{"rendered":"\u00bfCu\u00e1ndo comenzar a educar a tu cachorro?"},"content":{"rendered":"<p>&nbsp;<\/p>\n<h6><strong>Es muy importante aprovechar el tiempo al m\u00e1ximo y comenzar a educar a los cachorros lo m\u00e1s temprano posible.<\/strong><\/h6>\n<p>Muchas personas cometen el error de esperar que el cachorro est\u00e9 cercano a cumplir un a\u00f1o para comenzar con este proceso; lamentablemente eso significa perder un tiempo muy valioso en que el animal ya est\u00e1 en condiciones de aprender y seguir instrucciones. Educarlo bien es imprescindible, ya que de no hacerlo el can se puede convertir en un verdadero dolor de cabeza a medida que crezca. A continuaci\u00f3n, vemos algunos datos interesantes sobre el mejor momento para comenzar a educar a un perro.<\/p>\n<h4><strong><span class=\"title3\">El mejor momento para educar a un perro<\/span><\/strong><\/h4>\n<p>Cuanto m\u00e1s temprano comience la educaci\u00f3n del perro mucho m\u00e1s f\u00e1cil ser\u00e1 que el animal aprenda a comportarse como es debido. Bajo este planteamiento, <strong>no es recomendable esperar a que el cachorro est\u00e9 cerca de cumplir su primer a\u00f1o<\/strong>, ya que se habr\u00e1 perdido un tiempo muy valioso.<\/p>\n<p><strong>La edad ideal para comenzar el proceso de aprendizaje comienza a las siete semanas<\/strong>, m\u00e1s o menos el tiempo en que el cachorro comienza a independizarse de la madre. En ese momento, el can ya est\u00e1 en capacidad de comenzar a aprender algunas normas de convivencia b\u00e1sicas para que se integre bien a la din\u00e1mica familiar.<\/p>\n<h4><strong><span class=\"title3\">Etapas del aprendizaje<\/span><\/strong><\/h4>\n<p>Si bien es cierto que un perro aprende durante toda su vida, tambi\u00e9n es cierto que se debe hacer m\u00e1s \u00e9nfasis en las etapas m\u00e1s tempranas. Basado en ello, <strong>se puede clasificar las etapas de aprendizaje en tres grandes grupos<\/strong>: siete semanas, tres meses y seis meses en adelante.<\/p>\n<p><strong><span class=\"title4\">Siete semanas<\/span><\/strong><\/p>\n<p>Como hemos visto, <strong>el cachorro est\u00e1 en capacidad de aprender instrucciones a partir de las siete semanas desde el nacimiento<\/strong>. En esta etapa se le puede ense\u00f1ar a controlar las mordidas, respetar el lugar en d\u00f3nde debe dormir, as\u00ed como tambi\u00e9n respetar espacios en los que no debe estar o subirse. Tambi\u00e9n puede aprender d\u00f3nde hacer sus necesidades.<\/p>\n<p><strong><span class=\"title4\">Tres meses<\/span><\/strong><\/p>\n<p>A partir de los tres meses se le puede ense\u00f1ar a hacer sus necesidades al perro en el patio de la casa o solamente en los paseos regulares. De igual forma, <strong>es el momento de comenzar a salir a pasear con el can<\/strong>, ense\u00f1\u00e1ndole cu\u00e1l es el ritmo que debe llevar o, en otras palabras, evitando que tire muy fuerte de la correa.<\/p>\n<p><strong><span class=\"title4\">A partir de los seis meses<\/span><\/strong><\/p>\n<p><strong>Cuando el cachorro cumple los seis meses est\u00e1 en capacidad de seguir instrucciones un poco m\u00e1s complejas<\/strong>, como por ejemplo: tumbarse, dar la pata, sentarse y pararse cuando se le ordena. En esta etapa el can ya sabr\u00e1 las normas m\u00e1s b\u00e1sicas de convivencia, las cuales deben ser perfeccionadas y reforzadas a lo largo de su vida.<\/p>\n<p>La educaci\u00f3n de los canes comienza desde la semana n\u00famero siete de su nacimiento. Es importante aprovechar el tiempo y cada una de las etapas para que el perro sea muy educado. \u00bfA qu\u00e9 edad comenzaste a educar a tu perro?<\/p>\n","protected":false},"excerpt":{"rendered":"<p>&nbsp; Es muy importante aprovechar el tiempo al m\u00e1ximo y comenzar a educar a los cachorros lo m\u00e1s temprano posible.<\/p>\n","protected":false},"author":1,"featured_media":20577,"comment_status":"closed","ping_status":"closed","sticky":false,"template":"","format":"standard","meta":{"kia_subtitle":"","footnotes":"","jetpack_publicize_message":"","jetpack_publicize_feature_enabled":true,"jetpack_social_post_already_shared":true,"jetpack_social_options":{"image_generator_settings":{"template":"highway","default_image_id":0,"font":"","enabled":false},"version":2}},"categories":[15,69],"tags":[],"class_list":["post-20576","post","type-post","status-publish","format-standard","has-post-thumbnail","hentry","category-tendencias","category-mascotas"],"jetpack_publicize_connections":[],"jetpack_featured_media_url":"https:\/\/laurbedigital.com.ar\/noticias\/wp-content\/uploads\/2019\/12\/20191206-mascotas0001.jpg","_links":{"self":[{"href":"https:\/\/laurbedigital.com.ar\/noticias\/wp-json\/wp\/v2\/posts\/20576","targetHints":{"allow":["GET"]}}],"collection":[{"href":"https:\/\/laurbedigital.com.ar\/noticias\/wp-json\/wp\/v2\/posts"}],"about":[{"href":"https:\/\/laurbedigital.com.ar\/noticias\/wp-json\/wp\/v2\/types\/post"}],"author":[{"embeddable":true,"href":"https:\/\/laurbedigital.com.ar\/noticias\/wp-json\/wp\/v2\/users\/1"}],"replies":[{"embeddable":true,"href":"https:\/\/laurbedigital.com.ar\/noticias\/wp-json\/wp\/v2\/comments?post=20576"}],"version-history":[{"count":3,"href":"https:\/\/laurbedigital.com.ar\/noticias\/wp-json\/wp\/v2\/posts\/20576\/revisions"}],"predecessor-version":[{"id":92071,"href":"https:\/\/laurbedigital.com.ar\/noticias\/wp-json\/wp\/v2\/posts\/20576\/revisions\/92071"}],"wp:featuredmedia":[{"embeddable":true,"href":"https:\/\/laurbedigital.com.ar\/noticias\/wp-json\/wp\/v2\/media\/20577"}],"wp:attachment":[{"href":"https:\/\/laurbedigital.com.ar\/noticias\/wp-json\/wp\/v2\/media?parent=20576"}],"wp:term":[{"taxonomy":"category","embeddable":true,"href":"https:\/\/laurbedigital.com.ar\/noticias\/wp-json\/wp\/v2\/categories?post=20576"},{"taxonomy":"post_tag","embeddable":true,"href":"https:\/\/laurbedigital.com.ar\/noticias\/wp-json\/wp\/v2\/tags?post=20576"}],"curies":[{"name":"wp","href":"https:\/\/api.w.org\/{rel}","templated":true}]}}