{"id":20559,"date":"2019-12-06T13:01:16","date_gmt":"2019-12-06T16:01:16","guid":{"rendered":"http:\/\/laurbedigital.com.ar\/noticias\/?p=20559"},"modified":"2019-12-06T13:03:02","modified_gmt":"2019-12-06T16:03:02","slug":"cascallares-puso-marcha-la-capacitacion-la-universidad-generos-derechos-movimientos-feministas","status":"publish","type":"post","link":"https:\/\/laurbedigital.com.ar\/noticias\/2019\/12\/06\/cascallares-puso-marcha-la-capacitacion-la-universidad-generos-derechos-movimientos-feministas\/","title":{"rendered":"Cascallares puso en marcha la Capacitaci\u00f3n de la universidad en G\u00e9neros, Derechos y Movimientos Feministas"},"content":{"rendered":"<p>Acompa\u00f1ado por la investigadora, soci\u00f3loga e historiadora feminista argentina Dora Barrancos, el intendente <strong>Mariano Cascallares<\/strong> puso en marcha ayer ante una Casa Municipal colmada de p\u00fablico el ciclo de capacitaci\u00f3n dictado por la Universidad Nacional Guillermo\u00a0 Brown (<strong>UNAB<\/strong>) que, en el marco de la <strong>Ley Micaela<\/strong>, instruir\u00e1\u00a0\u00a0a funcionarios y trabajadores municipales del distrito respecto de <strong>\u201cG\u00e9neros, Derechos y Movimientos Feministas\u201d<\/strong>.<\/p>\n<p>La apertura de los cursos tuvo lugar en la Casa Municipal de la Cultura de la ciudad de Adrogu\u00e9 -ubicada en Esteban Adrogu\u00e9 1224- y cont\u00f3 con las disertaciones de la Dra. Dora Barrancos y del Dr. Sergio Torres (juez de la Suprema\u00a0 Corte de Justicia de la provincia de Buenos Aires y ciudadano ilustre de Almirante Brown).<\/p>\n<p>En la ocasi\u00f3n, el <strong>intendente<\/strong> subray\u00f3 que <strong>\u201cpara nuestro Municipio este es un primer paso muy importante m\u00e1s all\u00e1 del trabajo de los cuatro a\u00f1os de gesti\u00f3n, estamos muy felices de haber podido generar esta alianza con el comienzo de las clases curriculares de la Universidad y al trabajo conjunto para el desarrollo de esta actividad\u201d<\/strong>.<\/p>\n<p><strong>\u201cEste ciclo es fundamental para nosotros, cre\u00edmos que era importante traer personalidades para pensar y repensar la pol\u00edtica de g\u00e9nero, sumado al trabajo cotidiano que realizamos con la promoci\u00f3n y prevenci\u00f3n en la tem\u00e1tica.\u00a0\u00a0Gracias por el compromiso y a trabajar duro para que seamos una buena polea entre los van a formarnos y nuestras vecinas y vecinos\u201d<\/strong>, concluy\u00f3 Cascallares.<\/p>\n<p>Por su parte, el vicerrector de la Universidad del distrito, <strong>Facundo Nejamkis, agradeci\u00f3 al Municipio el firme acompa\u00f1amiento hacia la Casa de Altos Estudios<\/strong> y se mostr\u00f3 satisfecho de poder ser parte\u00a0\u00a0de la puesta en marcha del ciclo de capacitaci\u00f3n.<\/p>\n<p>Al comienzo de las disertaciones, el juez <strong>Sergio Torres<\/strong> -que hizo un historial de las diversas normas establecidas en el pa\u00eds para el abordaje de la problem\u00e1tica de la <strong>violencia de g\u00e9nero<\/strong>, adem\u00e1s de exponer datos oficiales respecto de las denuncias y casos de femicidios-, <strong>sostuvo la falta de efectividad de dichas normativas ya que la\u00a0\u00a0violencia \u201cha crecido\u201d.<\/strong><\/p>\n<p><strong>\u201cLa ley Micaela presupone una visi\u00f3n distinta, un cambio de paradigma, de l\u00f3gica, el sentido de esta capacitaci\u00f3n es trabajar en la prevenci\u00f3n y no solo en preocuparnos despu\u00e9s de que las cosas pasaron\u201d<\/strong>, subray\u00f3 el magistrado.<\/p>\n<p>Finalmente, <strong>Dora Barrancos<\/strong>&#8211; que remarc\u00f3 el compromiso del Municipio y el accionar conjunto con la Universidad en la lucha\u00a0\u00a0contra la violencia de g\u00e9nero- hizo hincapi\u00e9 en la necesidad de<strong> \u201cun sistema social equitativo y digno, donde los varones abandonen todos los pre-supuestos acerca del adue\u00f1amiento de las mujeres\u201d.<\/strong><\/p>\n<p>Asimismo, Barrancos se refiri\u00f3 a la constituci\u00f3n social y cultural hist\u00f3rica y surgimiento del patriarcado con \u00e1nimo de convencer respecto de su desaparici\u00f3n.<\/p>\n<p>Al respecto sostuvo que las mujeres comenzaron a ser reconocidas muy tard\u00edamente, pero que <strong>\u201choy estamos en una condici\u00f3n absolutamente nueva, el fenimismo tiene un magnitud excepcional en el derrame de nuestra sociedad lo que significa que las mujeres no est\u00e1n dispuestas al sometimiento patriarcal\u201d.<\/strong><\/p>\n<p>Al finalizar su disertaci\u00f3n la investigadora hizo un llamamiento al abandono de la pauta patriarcal \u201cpara que nos encaminemos a sociedades verdaderamente democr\u00e1ticas\u201d.<\/p>\n<h4><strong><br \/>\nEL MARCO DE UNA JORNADA HIST\u00d3RICA<\/strong><\/h4>\n<p>Durante la capacitaci\u00f3n se rubric\u00f3 el acta de adhesi\u00f3n de la UNAB con la Red Argentina\u00a0\u00a0de Lenguaje Claro, con el objetivo de hacer m\u00e1s accesible y transparente el Estado, a trav\u00e9s de la\u00a0\u00a0instauraci\u00f3n de nuevas pr\u00e1cticas para que los ciudadanos puedan acceder a las instituciones y al material que ellas poseen.<\/p>\n<p>Asimismo, la UNAB present\u00f3 su equipo de trabajo de G\u00e9nero y Derechos Humanos cuyo compromiso es promover la igualdad y erradicaci\u00f3n de la violencia contra las mujeres, y anticip\u00f3 la puesta en funcionamiento de un observatorio que sea fuente de informaci\u00f3n para el dise\u00f1o de pol\u00edticas p\u00fablicas inclusivas.<\/p>\n<p>Cabe se\u00f1alar que en el mes de noviembre el Municipio y la UNAB sellaron un convenio de cooperaci\u00f3n para el dictado del curso a funcionarios y empleados municipales en el marco de la Ley Micaela promulgada en enero de 2019.<\/p>\n<p><strong>La ley Micaela, que lleva el nombre de Micaela Garc\u00eda, una joven militante v\u00edctima de femicidio<\/strong>, instituye la capacitaci\u00f3n obligatoria en la tem\u00e1tica de g\u00e9nero y violencia contra las mujeres a quienes se desempe\u00f1en en la funci\u00f3n p\u00fablica en\u00a0\u00a0los diferentes niveles y jerarqu\u00edas de\u00a0\u00a0los poderes Ejecutivo, Legislativo y Judicial.<\/p>\n<p><strong>Participaron<\/strong> de la jornada la diputada nacional <strong>Mar\u00eda Rosa Mart\u00ednez<\/strong>, la diputada provincial <strong>Cristina Vilotta<\/strong>, el presidente de la Red Argentina de Lenguaje Claro, <strong>Fernando Rocca<\/strong>, el rector de la UNAB, &#8211; en uso de licencia- <strong>Pablo Dominichini<\/strong>, el secretario de Extensi\u00f3n de la UNAB, <strong>Ignacio Jawtuschenko<\/strong>, funcionarios del ejecutivo, concejales, profesores y docentes de la Casa de Estudios y organizaciones feministas.<\/p>\n<p>Al t\u00e9rmino del encuentro los presentes participaron de actividades art\u00edsticas, entre ellas, de la exposici\u00f3n de Arte Urbano \u201cYo soy. Juntas Somos\u201d a cargo de Mujeres de Artes Tomar.<\/p>\n","protected":false},"excerpt":{"rendered":"<p>Acompa\u00f1ado por la investigadora, soci\u00f3loga e historiadora feminista argentina Dora Barrancos, el intendente Mariano Cascallares puso en marcha ayer ante<\/p>\n","protected":false},"author":1,"featured_media":20560,"comment_status":"closed","ping_status":"closed","sticky":false,"template":"","format":"standard","meta":{"kia_subtitle":"","footnotes":"","jetpack_publicize_message":"","jetpack_publicize_feature_enabled":true,"jetpack_social_post_already_shared":true,"jetpack_social_options":{"image_generator_settings":{"template":"highway","default_image_id":0,"font":"","enabled":false},"version":2}},"categories":[2,33],"tags":[],"class_list":["post-20559","post","type-post","status-publish","format-standard","has-post-thumbnail","hentry","category-alte-brown","category-alte-brown-alte-brown"],"jetpack_publicize_connections":[],"jetpack_featured_media_url":"https:\/\/laurbedigital.com.ar\/noticias\/wp-content\/uploads\/2019\/12\/20191206-brown0001.jpg","_links":{"self":[{"href":"https:\/\/laurbedigital.com.ar\/noticias\/wp-json\/wp\/v2\/posts\/20559","targetHints":{"allow":["GET"]}}],"collection":[{"href":"https:\/\/laurbedigital.com.ar\/noticias\/wp-json\/wp\/v2\/posts"}],"about":[{"href":"https:\/\/laurbedigital.com.ar\/noticias\/wp-json\/wp\/v2\/types\/post"}],"author":[{"embeddable":true,"href":"https:\/\/laurbedigital.com.ar\/noticias\/wp-json\/wp\/v2\/users\/1"}],"replies":[{"embeddable":true,"href":"https:\/\/laurbedigital.com.ar\/noticias\/wp-json\/wp\/v2\/comments?post=20559"}],"version-history":[{"count":3,"href":"https:\/\/laurbedigital.com.ar\/noticias\/wp-json\/wp\/v2\/posts\/20559\/revisions"}],"predecessor-version":[{"id":20563,"href":"https:\/\/laurbedigital.com.ar\/noticias\/wp-json\/wp\/v2\/posts\/20559\/revisions\/20563"}],"wp:featuredmedia":[{"embeddable":true,"href":"https:\/\/laurbedigital.com.ar\/noticias\/wp-json\/wp\/v2\/media\/20560"}],"wp:attachment":[{"href":"https:\/\/laurbedigital.com.ar\/noticias\/wp-json\/wp\/v2\/media?parent=20559"}],"wp:term":[{"taxonomy":"category","embeddable":true,"href":"https:\/\/laurbedigital.com.ar\/noticias\/wp-json\/wp\/v2\/categories?post=20559"},{"taxonomy":"post_tag","embeddable":true,"href":"https:\/\/laurbedigital.com.ar\/noticias\/wp-json\/wp\/v2\/tags?post=20559"}],"curies":[{"name":"wp","href":"https:\/\/api.w.org\/{rel}","templated":true}]}}