{"id":20556,"date":"2019-12-05T19:28:38","date_gmt":"2019-12-05T22:28:38","guid":{"rendered":"http:\/\/laurbedigital.com.ar\/noticias\/?p=20556"},"modified":"2019-12-05T19:28:38","modified_gmt":"2019-12-05T22:28:38","slug":"condenaron-16-anos-prision-al-policia-le-disparo-lucas-cabello","status":"publish","type":"post","link":"https:\/\/laurbedigital.com.ar\/noticias\/2019\/12\/05\/condenaron-16-anos-prision-al-policia-le-disparo-lucas-cabello\/","title":{"rendered":"Condenaron a 16 a\u00f1os de prisi\u00f3n al polic\u00eda que le dispar\u00f3 a Lucas Cabello"},"content":{"rendered":"<p>El Tribunal Oral en lo Criminal y Correccional N\u00ba 1 conden\u00f3 hoy a 16 a\u00f1os de prisi\u00f3n al polic\u00eda Ricardo Gabriel Ayala por dispararle tres veces a Lucas Cabello, en noviembre de 2015. La fiscal general Irma Adriana Garc\u00eda Netto hab\u00eda solicitado una pena de 13 a\u00f1os. En la causa intervino la Direcci\u00f3n General de Acompa\u00f1amiento, Orientaci\u00f3n y Protecci\u00f3n a las V\u00edctimas (DOVIC).<\/p>\n<p>Ayala fue condenado por el delito de \u201ctentativa de homicidio agravada por haber sido cometida abusando de la funci\u00f3n policial y por el uso de arma de fuego\u201d. Adem\u00e1s, le fijaron una inhabilitaci\u00f3n de diez a\u00f1os para tener o portar armas y para ejercer labores de seguridad. Los fundamentos del fallo se conocer\u00e1n el 7 de febrero de 2020.<\/p>\n<p>Ayala no quedar\u00e1 detenido hasta que la condena quede firme, pero los jueces Adri\u00e1n P\u00e9rez Lance, Luis Salas y Fernando Ram\u00edrez le fijaron una serie de condiciones para cumplir desde este momento. Deber\u00e1 presentarse del 1 al 10 de cada mes en el tribunal; no podr\u00e1 salir del pa\u00eds ni tener o portar armas y tendr\u00e1 prohibido acercarse a menos de 500 metros de Lucas o su familia, as\u00ed como tampoco podr\u00e1 contactarlos de forma alguna.<\/p>\n<p>Por otra parte, los magistrados enviar\u00e1n una copia de la sentencia al Ministerio de Justicia y Seguridad de la Ciudad de Buenos Aires. Tambi\u00e9n, ordenaron la extracci\u00f3n de testimonios de una parte de la sentencia para que se investigue a los miembros de las fuerzas de seguridad que intervinieron en el sumario de Cabello, para dilucidar si cometieron el delito de encubrimiento o de incumplimiento de los deberes de funcionario p\u00fablico.<\/p>\n","protected":false},"excerpt":{"rendered":"<p>El Tribunal Oral en lo Criminal y Correccional N\u00ba 1 conden\u00f3 hoy a 16 a\u00f1os de prisi\u00f3n al polic\u00eda Ricardo<\/p>\n","protected":false},"author":1,"featured_media":20557,"comment_status":"closed","ping_status":"closed","sticky":false,"template":"","format":"standard","meta":{"kia_subtitle":"","footnotes":"","jetpack_publicize_message":"","jetpack_publicize_feature_enabled":true,"jetpack_social_post_already_shared":true,"jetpack_social_options":{"image_generator_settings":{"template":"highway","default_image_id":0,"font":"","enabled":false},"version":2}},"categories":[8],"tags":[],"class_list":["post-20556","post","type-post","status-publish","format-standard","has-post-thumbnail","hentry","category-policiales"],"jetpack_publicize_connections":[],"jetpack_featured_media_url":"https:\/\/laurbedigital.com.ar\/noticias\/wp-content\/uploads\/2019\/12\/20191205-policiales-0003.jpg","_links":{"self":[{"href":"https:\/\/laurbedigital.com.ar\/noticias\/wp-json\/wp\/v2\/posts\/20556","targetHints":{"allow":["GET"]}}],"collection":[{"href":"https:\/\/laurbedigital.com.ar\/noticias\/wp-json\/wp\/v2\/posts"}],"about":[{"href":"https:\/\/laurbedigital.com.ar\/noticias\/wp-json\/wp\/v2\/types\/post"}],"author":[{"embeddable":true,"href":"https:\/\/laurbedigital.com.ar\/noticias\/wp-json\/wp\/v2\/users\/1"}],"replies":[{"embeddable":true,"href":"https:\/\/laurbedigital.com.ar\/noticias\/wp-json\/wp\/v2\/comments?post=20556"}],"version-history":[{"count":1,"href":"https:\/\/laurbedigital.com.ar\/noticias\/wp-json\/wp\/v2\/posts\/20556\/revisions"}],"predecessor-version":[{"id":20558,"href":"https:\/\/laurbedigital.com.ar\/noticias\/wp-json\/wp\/v2\/posts\/20556\/revisions\/20558"}],"wp:featuredmedia":[{"embeddable":true,"href":"https:\/\/laurbedigital.com.ar\/noticias\/wp-json\/wp\/v2\/media\/20557"}],"wp:attachment":[{"href":"https:\/\/laurbedigital.com.ar\/noticias\/wp-json\/wp\/v2\/media?parent=20556"}],"wp:term":[{"taxonomy":"category","embeddable":true,"href":"https:\/\/laurbedigital.com.ar\/noticias\/wp-json\/wp\/v2\/categories?post=20556"},{"taxonomy":"post_tag","embeddable":true,"href":"https:\/\/laurbedigital.com.ar\/noticias\/wp-json\/wp\/v2\/tags?post=20556"}],"curies":[{"name":"wp","href":"https:\/\/api.w.org\/{rel}","templated":true}]}}