{"id":20542,"date":"2019-12-05T16:46:48","date_gmt":"2019-12-05T19:46:48","guid":{"rendered":"http:\/\/laurbedigital.com.ar\/noticias\/?p=20542"},"modified":"2019-12-05T16:46:48","modified_gmt":"2019-12-05T19:46:48","slug":"marginal-la-nueva-temporada-ya-fecha-estreno","status":"publish","type":"post","link":"https:\/\/laurbedigital.com.ar\/noticias\/2019\/12\/05\/marginal-la-nueva-temporada-ya-fecha-estreno\/","title":{"rendered":"El Marginal: La nueva temporada ya tiene fecha de estreno"},"content":{"rendered":"<p>La cuarta temporada de la ficci\u00f3n de Underground volver\u00e1 a tener a Juan Minuj\u00edn como protagonista<\/p>\n<p><strong>El Marginal 4 llegar\u00e1 a la televisi\u00f3n reci\u00e9n en 2021.<\/strong> Seg\u00fan Teleshow, la serie comenzar\u00e1 sus grabaciones a fines del a\u00f1o pr\u00f3ximo.<\/p>\n<p>Este mi\u00e9rcoles, <strong>Sebasti\u00e1n Ortega<\/strong>, director de la ficci\u00f3n de Underground, comparti\u00f3 en su cuenta de Instagram una imagen del libreto.<\/p>\n<p>El Marginal 4 volver\u00e1 a tener a<strong> Juan Minuj\u00edn<\/strong> (Pastor) como protagonista, quien pasar\u00e1 el resto del a\u00f1o grabando la nueva tira de Underground, \u00abVolver a empezar\u00bb, que protagonizar\u00e1 junto a Carla Peterson. La novela empezar\u00e1 a rodarse entre enero y febrero del 2020.<\/p>\n","protected":false},"excerpt":{"rendered":"<p>La cuarta temporada de la ficci\u00f3n de Underground volver\u00e1 a tener a Juan Minuj\u00edn como protagonista El Marginal 4 llegar\u00e1<\/p>\n","protected":false},"author":1,"featured_media":20544,"comment_status":"closed","ping_status":"closed","sticky":false,"template":"","format":"standard","meta":{"kia_subtitle":"","footnotes":"","jetpack_publicize_message":"","jetpack_publicize_feature_enabled":true,"jetpack_social_post_already_shared":true,"jetpack_social_options":{"image_generator_settings":{"template":"highway","default_image_id":0,"font":"","enabled":false},"version":2}},"categories":[68],"tags":[],"class_list":["post-20542","post","type-post","status-publish","format-standard","has-post-thumbnail","hentry","category-cine-y-series"],"jetpack_publicize_connections":[],"jetpack_featured_media_url":"https:\/\/laurbedigital.com.ar\/noticias\/wp-content\/uploads\/2019\/12\/20191205-series0001.jpg","_links":{"self":[{"href":"https:\/\/laurbedigital.com.ar\/noticias\/wp-json\/wp\/v2\/posts\/20542","targetHints":{"allow":["GET"]}}],"collection":[{"href":"https:\/\/laurbedigital.com.ar\/noticias\/wp-json\/wp\/v2\/posts"}],"about":[{"href":"https:\/\/laurbedigital.com.ar\/noticias\/wp-json\/wp\/v2\/types\/post"}],"author":[{"embeddable":true,"href":"https:\/\/laurbedigital.com.ar\/noticias\/wp-json\/wp\/v2\/users\/1"}],"replies":[{"embeddable":true,"href":"https:\/\/laurbedigital.com.ar\/noticias\/wp-json\/wp\/v2\/comments?post=20542"}],"version-history":[{"count":1,"href":"https:\/\/laurbedigital.com.ar\/noticias\/wp-json\/wp\/v2\/posts\/20542\/revisions"}],"predecessor-version":[{"id":20546,"href":"https:\/\/laurbedigital.com.ar\/noticias\/wp-json\/wp\/v2\/posts\/20542\/revisions\/20546"}],"wp:featuredmedia":[{"embeddable":true,"href":"https:\/\/laurbedigital.com.ar\/noticias\/wp-json\/wp\/v2\/media\/20544"}],"wp:attachment":[{"href":"https:\/\/laurbedigital.com.ar\/noticias\/wp-json\/wp\/v2\/media?parent=20542"}],"wp:term":[{"taxonomy":"category","embeddable":true,"href":"https:\/\/laurbedigital.com.ar\/noticias\/wp-json\/wp\/v2\/categories?post=20542"},{"taxonomy":"post_tag","embeddable":true,"href":"https:\/\/laurbedigital.com.ar\/noticias\/wp-json\/wp\/v2\/tags?post=20542"}],"curies":[{"name":"wp","href":"https:\/\/api.w.org\/{rel}","templated":true}]}}