{"id":20408,"date":"2019-11-30T22:42:19","date_gmt":"2019-12-01T01:42:19","guid":{"rendered":"http:\/\/laurbedigital.com.ar\/noticias\/?p=20408"},"modified":"2019-11-30T22:42:19","modified_gmt":"2019-12-01T01:42:19","slug":"conurbano-cifras-del-impacto-la-crisis-sistema-salud-ultimo-ano","status":"publish","type":"post","link":"https:\/\/laurbedigital.com.ar\/noticias\/2019\/11\/30\/conurbano-cifras-del-impacto-la-crisis-sistema-salud-ultimo-ano\/","title":{"rendered":"Conurbano: Cifras del impacto de la crisis en el sistema de salud durante el \u00faltimo a\u00f1o"},"content":{"rendered":"<div>\n<p class=\"entry-title\">Se trata de una encuesta hecha por la Universidad Cat\u00f3lica Argentina (UCA) y la Defensor\u00eda del Pueblo bonaerense en la que se compararon 5.800 casos en 2017 y 2018.<\/p>\n<p>El impacto de la crisis econ\u00f3mica y c\u00f3mo afecta a los sectores m\u00e1s vulnerables al momento de acceder al sistema de salud, fue el objetivo de una encuesta realizada por el Observatorio de la Deuda Social Argentina de la Universidad Cat\u00f3lica Argentina (UCA) a pedido de la Defensor\u00eda del Pueblo bonaerense.<\/p>\n<\/div>\n<div>El estudio, que apunt\u00f3 a analizar las condiciones de la salud en el \u00c1rea Metropolitana de Buenos Aires, compar\u00f3 cifras pertenecientes a los a\u00f1os 2017 y 2018, se bas\u00f3 en 5.800 casos anuales y abarc\u00f3 al Conurbano y la Ciudad Aut\u00f3noma de Buenos Aires.<\/p>\n<\/div>\n<div>Uno de los datos m\u00e1s destacados es que, de un a\u00f1o a otro, en dos de cada diez hogares de se dej\u00f3 de asistir al m\u00e9dico o dentista debido a problemas econ\u00f3micos, una realidad que se profundiz\u00f3 entre los que se encuentran bajo condiciones de pobreza, ya que la mitad de quienes pertenecen a este grupo dejaron de atenderse por los mismos motivos.<\/p>\n<\/div>\n<div>Esta situaci\u00f3n de privaci\u00f3n en atenci\u00f3n de la salud debido a problemas econ\u00f3micos se profundiza en el Conurbano norte (29,8%), seguido por los hogares del Conurbano sur (27,6%) y Conurbano norte (21,1%).\u00a0 S\u00f3lo uno de cada diez hogares en la Ciudad Aut\u00f3noma de Buenos Aires debi\u00f3 dej\u00f3 de ir al m\u00e9dico o dentista debido a esta problem\u00e1tica.<\/p>\n<\/div>\n<div>La misma tendencia se observ\u00f3 a la hora de analizar el d\u00e9ficit en el acceso a los medicamentos, ya que dos de cada diez hogares debieron dejar de comprarlos debido a los problemas econ\u00f3micos en el \u00faltimo a\u00f1o. En este \u00edtem, tambi\u00e9n la mitad de los hogares pobres manifestaron dificultades al comparar lo sucedido en 2017 respecto a 2018.<\/p>\n<\/div>\n<div>El estudio a su vez indag\u00f3 sobre la falta de consulta m\u00e9dica anual durante 2017 y 2018, un fen\u00f3meno que se registr\u00f3 en el 28,7% de los encuestados. De este total, los grupos que en su mayor\u00eda no accedieron al sistema de salud fueron los varones (36,5%) y los j\u00f3venes de 18 a 34 a\u00f1os (38,9%).<\/p>\n<\/div>\n<div>En esta l\u00ednea, la privaci\u00f3n del derecho al acceso a la salud se presenta en mayor medida en condiciones de mayor carencia econ\u00f3mica y precariedad laboral: el mayor porcentaje se da entre las personas pobres (43,3%) y las personas que pertenecen al estrato trabajador marginal (39,8%). En tanto, los que residen en el Conurbano norte presentan el porcentaje superior de personas que no realizaron una consulta m\u00e9dica en el \u00faltimo a\u00f1o (36,5%).<\/div>\n<div>El informe tambi\u00e9n analiz\u00f3 c\u00f3mo se autopercibe el d\u00e9ficit de la salud f\u00edsica y psicol\u00f3gica. En el primer punto, el porcentaje de quienes observan esta carencia creci\u00f3 de 2017 a 2018, al pasar del 11,4 al 16,5% de los encuestados, siendo los pobres (20,2%), los trabajadores marginales (23,5%), y en el Conurbano sur (19,7%) donde m\u00e1s se registr\u00f3 esta tendencia en el \u00faltimo a\u00f1o.<\/p>\n<\/div>\n<div>En el caso del malestar psicol\u00f3gico, el aumento entre 2017 y 2018 fue de casi cuatro puntos: pas\u00f3 del 18,6 al 22,4%. El desagregado para el \u00faltimo a\u00f1o tambi\u00e9n se repite respecto al caso anterior: donde m\u00e1s se percibi\u00f3 fue entre los pobres (35,6%), los trabajadores marginales (34,5%), y en el Conurbano sur (23,2%).<\/p>\n<\/div>\n<div>\u201cEste informe muestra la desigualdad social que existe principalmente en el Conurbano, y que se hace visible en las condiciones generales de salud de las personas y de las comunidades como en el propio sistema que las atiende. Adem\u00e1s, habla de un sistema fragmentado e inconexo para atender los estados de salud y enfermedad diferentes para cada estrato social\u201d. sostuvo el Defensor del Pueblo bonaerense, Guido Lorenzino.<\/div>\n<div><\/div>\n","protected":false},"excerpt":{"rendered":"<p>Se trata de una encuesta hecha por la Universidad Cat\u00f3lica Argentina (UCA) y la Defensor\u00eda del Pueblo bonaerense en la<\/p>\n","protected":false},"author":1,"featured_media":20411,"comment_status":"closed","ping_status":"closed","sticky":false,"template":"","format":"standard","meta":{"kia_subtitle":"","footnotes":"","jetpack_publicize_message":"","jetpack_publicize_feature_enabled":true,"jetpack_social_post_already_shared":true,"jetpack_social_options":{"image_generator_settings":{"template":"highway","default_image_id":0,"font":"","enabled":false},"version":2}},"categories":[13],"tags":[],"class_list":["post-20408","post","type-post","status-publish","format-standard","has-post-thumbnail","hentry","category-region"],"jetpack_publicize_connections":[],"jetpack_featured_media_url":"https:\/\/laurbedigital.com.ar\/noticias\/wp-content\/uploads\/2019\/11\/20191130-region41-128-3-03333.jpg","_links":{"self":[{"href":"https:\/\/laurbedigital.com.ar\/noticias\/wp-json\/wp\/v2\/posts\/20408","targetHints":{"allow":["GET"]}}],"collection":[{"href":"https:\/\/laurbedigital.com.ar\/noticias\/wp-json\/wp\/v2\/posts"}],"about":[{"href":"https:\/\/laurbedigital.com.ar\/noticias\/wp-json\/wp\/v2\/types\/post"}],"author":[{"embeddable":true,"href":"https:\/\/laurbedigital.com.ar\/noticias\/wp-json\/wp\/v2\/users\/1"}],"replies":[{"embeddable":true,"href":"https:\/\/laurbedigital.com.ar\/noticias\/wp-json\/wp\/v2\/comments?post=20408"}],"version-history":[{"count":1,"href":"https:\/\/laurbedigital.com.ar\/noticias\/wp-json\/wp\/v2\/posts\/20408\/revisions"}],"predecessor-version":[{"id":20413,"href":"https:\/\/laurbedigital.com.ar\/noticias\/wp-json\/wp\/v2\/posts\/20408\/revisions\/20413"}],"wp:featuredmedia":[{"embeddable":true,"href":"https:\/\/laurbedigital.com.ar\/noticias\/wp-json\/wp\/v2\/media\/20411"}],"wp:attachment":[{"href":"https:\/\/laurbedigital.com.ar\/noticias\/wp-json\/wp\/v2\/media?parent=20408"}],"wp:term":[{"taxonomy":"category","embeddable":true,"href":"https:\/\/laurbedigital.com.ar\/noticias\/wp-json\/wp\/v2\/categories?post=20408"},{"taxonomy":"post_tag","embeddable":true,"href":"https:\/\/laurbedigital.com.ar\/noticias\/wp-json\/wp\/v2\/tags?post=20408"}],"curies":[{"name":"wp","href":"https:\/\/api.w.org\/{rel}","templated":true}]}}