{"id":20226,"date":"2019-11-22T19:13:59","date_gmt":"2019-11-22T22:13:59","guid":{"rendered":"http:\/\/laurbedigital.com.ar\/noticias\/?p=20226"},"modified":"2019-11-22T19:13:59","modified_gmt":"2019-11-22T22:13:59","slug":"domingo-27-los-vecinos-podran-disfrutar-brindis-cuentos-la-cucaracha","status":"publish","type":"post","link":"https:\/\/laurbedigital.com.ar\/noticias\/2019\/11\/22\/domingo-27-los-vecinos-podran-disfrutar-brindis-cuentos-la-cucaracha\/","title":{"rendered":"El domingo 27 los vecinos podr\u00e1n disfrutar de \u201cBrindis con cuentos en La Cucaracha\u201d"},"content":{"rendered":"<header class=\"entry-header\"><\/header>\n<div class=\"entry-content clearfix\">\n<p>El ciclo El Sur Narra presenta el espect\u00e1culo de narraci\u00f3n oral y art\u00edstica \u201cBrindis con cuentos en La Cucaracha\u201d, cuentos para adultos y no tanto, bajo la direcci\u00f3n de Marisa Brondo.<\/p>\n<p>El encuentro, que contar\u00e1 con la presencia de la cantora Tere Garc\u00eda, es el domingo 27 de noviembre, a las 17 hs, en La Cucaracha, Diagonal Brown 1298, Adrogu\u00e9.<\/p>\n<p>Invita el Instituto de las Culturas de Alte Brown.<\/p>\n<\/div>\n","protected":false},"excerpt":{"rendered":"<p>El ciclo El Sur Narra presenta el espect\u00e1culo de narraci\u00f3n oral y art\u00edstica \u201cBrindis con cuentos en La Cucaracha\u201d, cuentos<\/p>\n","protected":false},"author":1,"featured_media":20227,"comment_status":"closed","ping_status":"closed","sticky":false,"template":"","format":"standard","meta":{"kia_subtitle":"","footnotes":"","jetpack_publicize_message":"","jetpack_publicize_feature_enabled":true,"jetpack_social_post_already_shared":true,"jetpack_social_options":{"image_generator_settings":{"template":"highway","default_image_id":0,"font":"","enabled":false},"version":2}},"categories":[5],"tags":[2101,869,1784],"class_list":["post-20226","post","type-post","status-publish","format-standard","has-post-thumbnail","hentry","category-cultura","tag-brindis-con-cuentos-en-el-museo","tag-el-sur-narra","tag-museo-historico-la-cucaracha"],"jetpack_publicize_connections":[],"jetpack_featured_media_url":"https:\/\/laurbedigital.com.ar\/noticias\/wp-content\/uploads\/2019\/11\/20191122-cultura.jpg","_links":{"self":[{"href":"https:\/\/laurbedigital.com.ar\/noticias\/wp-json\/wp\/v2\/posts\/20226","targetHints":{"allow":["GET"]}}],"collection":[{"href":"https:\/\/laurbedigital.com.ar\/noticias\/wp-json\/wp\/v2\/posts"}],"about":[{"href":"https:\/\/laurbedigital.com.ar\/noticias\/wp-json\/wp\/v2\/types\/post"}],"author":[{"embeddable":true,"href":"https:\/\/laurbedigital.com.ar\/noticias\/wp-json\/wp\/v2\/users\/1"}],"replies":[{"embeddable":true,"href":"https:\/\/laurbedigital.com.ar\/noticias\/wp-json\/wp\/v2\/comments?post=20226"}],"version-history":[{"count":1,"href":"https:\/\/laurbedigital.com.ar\/noticias\/wp-json\/wp\/v2\/posts\/20226\/revisions"}],"predecessor-version":[{"id":20228,"href":"https:\/\/laurbedigital.com.ar\/noticias\/wp-json\/wp\/v2\/posts\/20226\/revisions\/20228"}],"wp:featuredmedia":[{"embeddable":true,"href":"https:\/\/laurbedigital.com.ar\/noticias\/wp-json\/wp\/v2\/media\/20227"}],"wp:attachment":[{"href":"https:\/\/laurbedigital.com.ar\/noticias\/wp-json\/wp\/v2\/media?parent=20226"}],"wp:term":[{"taxonomy":"category","embeddable":true,"href":"https:\/\/laurbedigital.com.ar\/noticias\/wp-json\/wp\/v2\/categories?post=20226"},{"taxonomy":"post_tag","embeddable":true,"href":"https:\/\/laurbedigital.com.ar\/noticias\/wp-json\/wp\/v2\/tags?post=20226"}],"curies":[{"name":"wp","href":"https:\/\/api.w.org\/{rel}","templated":true}]}}