{"id":20181,"date":"2019-11-21T13:00:01","date_gmt":"2019-11-21T16:00:01","guid":{"rendered":"http:\/\/laurbedigital.com.ar\/noticias\/?p=20181"},"modified":"2019-11-21T13:00:01","modified_gmt":"2019-11-21T16:00:01","slug":"fuerte-impulso-del-municipio-alte-brown-la-educacion-tecnica","status":"publish","type":"post","link":"https:\/\/laurbedigital.com.ar\/noticias\/2019\/11\/21\/fuerte-impulso-del-municipio-alte-brown-la-educacion-tecnica\/","title":{"rendered":"Fuerte impulso del Municipio de Alte Brown a la educaci\u00f3n t\u00e9cnica"},"content":{"rendered":"<p>El Municipio de Almirante Brown pone en marcha el primer Instituto de Formaci\u00f3n T\u00e9cnica en el distrito, dando respuesta a un reclamo hist\u00f3rico de la comunidad educativa, y adem\u00e1s abri\u00f3 la preinscripci\u00f3n para sus primeras dos tecnicaturas.<\/p>\n<p>Se trata del Instituto de Formaci\u00f3n T\u00e9cnica (ISFT) N\u00ba 232, impulsado por la Comuna y conformado formalmente en octubre de este a\u00f1o, luego de un convenio entre el Municipio de Almirante Brown y la Direcci\u00f3n General de Cultura y Educaci\u00f3n de la provincia de Buenos Aires.<\/p>\n<p>\u00abSeguimos trabajando en favor de la Inclusi\u00f3n y la Educaci\u00f3n P\u00fablica. Tenemos el compromiso de seguir ampliando la oferta educativa de calidad\u00bb, indic\u00f3 el intendente Mariano Cascallares.<\/p>\n<p>Desde la Subsecretar\u00eda de Educaci\u00f3n local explicaron, en este sentido, que desde ayer mi\u00e9rcoles 20 hasta el viernes 29 de noviembre realizar\u00e1 la pre inscripci\u00f3n para sus primeras dos tecnicaturas: Seguridad e Higiene y Administraci\u00f3n General, las cuales se dictar\u00e1n en el Ciclo Lectivo 2020 en el Espacio Municipal del Parque Industrial de Burzaco.<\/p>\n<p>Los interesados podr\u00e1n acercarse a la oficina que la Subsecretar\u00eda tiene en el cuarto piso de la Casa Municipal de la Cultura, ubicada en Esteban Adrogu\u00e9 N\u00b0 1224 y completar un formulario, el cual les habilitar\u00e1 la instancia de inscripci\u00f3n formal que se realizar\u00e1 de forma on line en diciembre.<\/p>\n<p>En este sentido, el subsecretario de Educaci\u00f3n local, Sergio Pianciola, destac\u00f3 que este es el primer ISFT en todo Almirante Brown y que su objetivo es \u201cpreparar profesionales t\u00e9cnicos en distintas \u00e1reas\u201d.<\/p>\n<p>\u201cSeguimos acercando oportunidades para que los vecinos y vecinas puedan desarrollarse. Nuestro objetivo es ir ampliando la oferta educativa y complementar los estudios con ciclos curriculares que se dar\u00e1n en nuestra Universidad Nacional Guillermo Brown (UNAB) para que ese futuro t\u00e9cnico pueda terminar siendo licenciado, en el \u00e1rea en la que se form\u00f3\u201d, explic\u00f3.<\/p>\n<p>Este nuevo espacio educativo se suma al Instituto Superior de Formaci\u00f3n Docente N\u00ba 41, cuyo edificio est\u00e1 siendo construido por el Municipio de Almirante Brown en Adrogu\u00e9, y tambi\u00e9n al Instituto Superior de Formaci\u00f3n Docente y T\u00e9cnico N\u00ba 53, de Glew.<\/p>\n<p>&nbsp;<\/p>\n","protected":false},"excerpt":{"rendered":"<p>El Municipio de Almirante Brown pone en marcha el primer Instituto de Formaci\u00f3n T\u00e9cnica en el distrito, dando respuesta a<\/p>\n","protected":false},"author":1,"featured_media":20182,"comment_status":"closed","ping_status":"closed","sticky":false,"template":"","format":"standard","meta":{"kia_subtitle":"","footnotes":"","jetpack_publicize_message":"","jetpack_publicize_feature_enabled":true,"jetpack_social_post_already_shared":true,"jetpack_social_options":{"image_generator_settings":{"template":"highway","default_image_id":0,"font":"","enabled":false},"version":2}},"categories":[2,33],"tags":[],"class_list":["post-20181","post","type-post","status-publish","format-standard","has-post-thumbnail","hentry","category-alte-brown","category-alte-brown-alte-brown"],"jetpack_publicize_connections":[],"jetpack_featured_media_url":"https:\/\/laurbedigital.com.ar\/noticias\/wp-content\/uploads\/2019\/11\/20191121-brown-128-3-03333.jpg","_links":{"self":[{"href":"https:\/\/laurbedigital.com.ar\/noticias\/wp-json\/wp\/v2\/posts\/20181","targetHints":{"allow":["GET"]}}],"collection":[{"href":"https:\/\/laurbedigital.com.ar\/noticias\/wp-json\/wp\/v2\/posts"}],"about":[{"href":"https:\/\/laurbedigital.com.ar\/noticias\/wp-json\/wp\/v2\/types\/post"}],"author":[{"embeddable":true,"href":"https:\/\/laurbedigital.com.ar\/noticias\/wp-json\/wp\/v2\/users\/1"}],"replies":[{"embeddable":true,"href":"https:\/\/laurbedigital.com.ar\/noticias\/wp-json\/wp\/v2\/comments?post=20181"}],"version-history":[{"count":1,"href":"https:\/\/laurbedigital.com.ar\/noticias\/wp-json\/wp\/v2\/posts\/20181\/revisions"}],"predecessor-version":[{"id":20183,"href":"https:\/\/laurbedigital.com.ar\/noticias\/wp-json\/wp\/v2\/posts\/20181\/revisions\/20183"}],"wp:featuredmedia":[{"embeddable":true,"href":"https:\/\/laurbedigital.com.ar\/noticias\/wp-json\/wp\/v2\/media\/20182"}],"wp:attachment":[{"href":"https:\/\/laurbedigital.com.ar\/noticias\/wp-json\/wp\/v2\/media?parent=20181"}],"wp:term":[{"taxonomy":"category","embeddable":true,"href":"https:\/\/laurbedigital.com.ar\/noticias\/wp-json\/wp\/v2\/categories?post=20181"},{"taxonomy":"post_tag","embeddable":true,"href":"https:\/\/laurbedigital.com.ar\/noticias\/wp-json\/wp\/v2\/tags?post=20181"}],"curies":[{"name":"wp","href":"https:\/\/api.w.org\/{rel}","templated":true}]}}