{"id":19788,"date":"2019-11-01T13:27:56","date_gmt":"2019-11-01T16:27:56","guid":{"rendered":"http:\/\/laurbedigital.com.ar\/noticias\/?p=19788"},"modified":"2019-11-01T13:27:56","modified_gmt":"2019-11-01T16:27:56","slug":"cayo-patentamiento-motos-446-octubre","status":"publish","type":"post","link":"https:\/\/laurbedigital.com.ar\/noticias\/2019\/11\/01\/cayo-patentamiento-motos-446-octubre\/","title":{"rendered":"Cay\u00f3 el patentamiento de motos un 44,6% en octubre"},"content":{"rendered":"<article class=\"article-body first\">\n<div class=\"article-content selectionShareable\">\n<div class=\"cuerpo\" data-twitter-link=\"\">\n<p>El patentamiento de motos cay\u00f3\u00a0<strong>44,6%<\/strong>\u00a0interanual en octubre, con\u00a0<strong>23.366<\/strong>\u00a0unidades vendidas en todo el pa\u00eds, inform\u00f3 hoy la\u00a0<strong>Asociaci\u00f3n de Concesionarios de Automotores de la Rep\u00fablica Argentina<\/strong>\u00a0(ACARA).<\/p>\n<\/div>\n<\/div>\n<\/article>\n<article class=\"article-body\">\n<div class=\"article-content selectionShareable\">\n<div class=\"cuerpo\" data-twitter-link=\"\">\n<p>A las motos les fue peor que a los autos durante el d\u00e9cimo mes del a\u00f1o, ya que el patentamiento de veh\u00edculos cay\u00f3\u00a0<strong>33,2%<\/strong>\u00a0interanual.<\/p>\n<p>No obstante, en la comparaci\u00f3n con septiembre el patentamiento mejor\u00f3 en un<strong>\u00a021,7%<\/strong>.<\/p>\n<\/div>\n<\/div>\n<\/article>\n","protected":false},"excerpt":{"rendered":"<p>El patentamiento de motos cay\u00f3\u00a044,6%\u00a0interanual en octubre, con\u00a023.366\u00a0unidades vendidas en todo el pa\u00eds, inform\u00f3 hoy la\u00a0Asociaci\u00f3n de Concesionarios de Automotores<\/p>\n","protected":false},"author":1,"featured_media":19789,"comment_status":"closed","ping_status":"closed","sticky":false,"template":"","format":"standard","meta":{"kia_subtitle":"","footnotes":"","jetpack_publicize_message":"","jetpack_publicize_feature_enabled":true,"jetpack_social_post_already_shared":true,"jetpack_social_options":{"image_generator_settings":{"template":"highway","default_image_id":0,"font":"","enabled":false},"version":2}},"categories":[3,41],"tags":[],"class_list":["post-19788","post","type-post","status-publish","format-standard","has-post-thumbnail","hentry","category-actualidad","category-nacionales"],"jetpack_publicize_connections":[],"jetpack_featured_media_url":"https:\/\/laurbedigital.com.ar\/noticias\/wp-content\/uploads\/2019\/11\/20191101-nac-12-3-03333.jpg","_links":{"self":[{"href":"https:\/\/laurbedigital.com.ar\/noticias\/wp-json\/wp\/v2\/posts\/19788","targetHints":{"allow":["GET"]}}],"collection":[{"href":"https:\/\/laurbedigital.com.ar\/noticias\/wp-json\/wp\/v2\/posts"}],"about":[{"href":"https:\/\/laurbedigital.com.ar\/noticias\/wp-json\/wp\/v2\/types\/post"}],"author":[{"embeddable":true,"href":"https:\/\/laurbedigital.com.ar\/noticias\/wp-json\/wp\/v2\/users\/1"}],"replies":[{"embeddable":true,"href":"https:\/\/laurbedigital.com.ar\/noticias\/wp-json\/wp\/v2\/comments?post=19788"}],"version-history":[{"count":1,"href":"https:\/\/laurbedigital.com.ar\/noticias\/wp-json\/wp\/v2\/posts\/19788\/revisions"}],"predecessor-version":[{"id":19790,"href":"https:\/\/laurbedigital.com.ar\/noticias\/wp-json\/wp\/v2\/posts\/19788\/revisions\/19790"}],"wp:featuredmedia":[{"embeddable":true,"href":"https:\/\/laurbedigital.com.ar\/noticias\/wp-json\/wp\/v2\/media\/19789"}],"wp:attachment":[{"href":"https:\/\/laurbedigital.com.ar\/noticias\/wp-json\/wp\/v2\/media?parent=19788"}],"wp:term":[{"taxonomy":"category","embeddable":true,"href":"https:\/\/laurbedigital.com.ar\/noticias\/wp-json\/wp\/v2\/categories?post=19788"},{"taxonomy":"post_tag","embeddable":true,"href":"https:\/\/laurbedigital.com.ar\/noticias\/wp-json\/wp\/v2\/tags?post=19788"}],"curies":[{"name":"wp","href":"https:\/\/api.w.org\/{rel}","templated":true}]}}