{"id":19773,"date":"2019-10-31T17:10:35","date_gmt":"2019-10-31T20:10:35","guid":{"rendered":"http:\/\/laurbedigital.com.ar\/noticias\/?p=19773"},"modified":"2019-10-31T16:51:30","modified_gmt":"2019-10-31T19:51:30","slug":"la-feria-productores-rurales-estara-manana-adrogue","status":"publish","type":"post","link":"https:\/\/laurbedigital.com.ar\/noticias\/2019\/10\/31\/la-feria-productores-rurales-estara-manana-adrogue\/","title":{"rendered":"La Feria de productores rurales estar\u00e1 ma\u00f1ana en Adrogu\u00e9"},"content":{"rendered":"<header><\/header>\n<div>\n<p>Como todos los viernes, de 10 a 15 hs, los Productores Rurales de Almirante Brown ofrecer\u00e1n su mercanc\u00eda en la feria que se lleva a cabo en la Plaza Cerretti (Diagonal Toll y Cerretti, Adrogu\u00e9).<\/p>\n<p>All\u00ed encontrar\u00e1n productos locales y regionales de calidad a precios accesibles, que los vecinos podr\u00e1n adquirir de la mano directa de sus productores, sin tener que pagar gastos de intermediaci\u00f3n.<\/p>\n<p>La oferta incluye verduras, frutillas, lechones, corderos, conejos, pollos, huevos, quesos, miel, flores, panificados, salames y artesan\u00edas.<\/p>\n<\/div>\n","protected":false},"excerpt":{"rendered":"<p>Como todos los viernes, de 10 a 15 hs, los Productores Rurales de Almirante Brown ofrecer\u00e1n su mercanc\u00eda en la<\/p>\n","protected":false},"author":1,"featured_media":19775,"comment_status":"closed","ping_status":"closed","sticky":false,"template":"","format":"standard","meta":{"kia_subtitle":"","footnotes":"","jetpack_publicize_message":"","jetpack_publicize_feature_enabled":true,"jetpack_social_post_already_shared":true,"jetpack_social_options":{"image_generator_settings":{"template":"highway","default_image_id":0,"font":"","enabled":false},"version":2}},"categories":[66,51,33],"tags":[1346,914],"class_list":["post-19773","post","type-post","status-publish","format-standard","has-post-thumbnail","hentry","category-interes-2","category-adrogue","category-alte-brown-alte-brown","tag-feria-de-productores-rurales-de-almirante-brown","tag-secretaria-de-produccion-y-empleo-de-almirante-brown"],"jetpack_publicize_connections":[],"jetpack_featured_media_url":"https:\/\/laurbedigital.com.ar\/noticias\/wp-content\/uploads\/2019\/10\/20191031-interes.jpg","_links":{"self":[{"href":"https:\/\/laurbedigital.com.ar\/noticias\/wp-json\/wp\/v2\/posts\/19773","targetHints":{"allow":["GET"]}}],"collection":[{"href":"https:\/\/laurbedigital.com.ar\/noticias\/wp-json\/wp\/v2\/posts"}],"about":[{"href":"https:\/\/laurbedigital.com.ar\/noticias\/wp-json\/wp\/v2\/types\/post"}],"author":[{"embeddable":true,"href":"https:\/\/laurbedigital.com.ar\/noticias\/wp-json\/wp\/v2\/users\/1"}],"replies":[{"embeddable":true,"href":"https:\/\/laurbedigital.com.ar\/noticias\/wp-json\/wp\/v2\/comments?post=19773"}],"version-history":[{"count":1,"href":"https:\/\/laurbedigital.com.ar\/noticias\/wp-json\/wp\/v2\/posts\/19773\/revisions"}],"predecessor-version":[{"id":19776,"href":"https:\/\/laurbedigital.com.ar\/noticias\/wp-json\/wp\/v2\/posts\/19773\/revisions\/19776"}],"wp:featuredmedia":[{"embeddable":true,"href":"https:\/\/laurbedigital.com.ar\/noticias\/wp-json\/wp\/v2\/media\/19775"}],"wp:attachment":[{"href":"https:\/\/laurbedigital.com.ar\/noticias\/wp-json\/wp\/v2\/media?parent=19773"}],"wp:term":[{"taxonomy":"category","embeddable":true,"href":"https:\/\/laurbedigital.com.ar\/noticias\/wp-json\/wp\/v2\/categories?post=19773"},{"taxonomy":"post_tag","embeddable":true,"href":"https:\/\/laurbedigital.com.ar\/noticias\/wp-json\/wp\/v2\/tags?post=19773"}],"curies":[{"name":"wp","href":"https:\/\/api.w.org\/{rel}","templated":true}]}}