{"id":19744,"date":"2019-10-30T15:12:13","date_gmt":"2019-10-30T18:12:13","guid":{"rendered":"http:\/\/laurbedigital.com.ar\/noticias\/?p=19744"},"modified":"2019-10-30T18:54:46","modified_gmt":"2019-10-30T21:54:46","slug":"se-cumplen-36-anos-del-retorno-la-democracia-la-argentina","status":"publish","type":"post","link":"https:\/\/laurbedigital.com.ar\/noticias\/2019\/10\/30\/se-cumplen-36-anos-del-retorno-la-democracia-la-argentina\/","title":{"rendered":"Se cumplen 36 a\u00f1os del retorno de la democracia en la Argentina"},"content":{"rendered":"<p>La democracia cumple 36 a\u00f1os de su restauraci\u00f3n en el pa\u00eds, con las elecciones que consagraron al candidato radical Ra\u00fal Alfons\u00edn como presidente de la Naci\u00f3n en una jornada que signific\u00f3 el fin de siete a\u00f1os de dictadura militar y la primera derrota electoral del peronismo a nivel nacional.<\/p>\n<p>El autodenominado \u00abProceso de Reorganizaci\u00f3n Nacional\u00bb dej\u00f3 una herencia de miles de desaparecidos a manos de grupos militares y paramilitares, la derrota en la Guerra de las Islas Malvinas y una econom\u00eda estancada, con inflaci\u00f3n y una abultada deuda externa.<\/p>\n<p>Con esta combinaci\u00f3n de factores se lleg\u00f3 a las elecciones del &#8217;83, que dieron lugar a un Alfons\u00edn victorioso, de la mano de una campa\u00f1a apuntalada por un discurso de uni\u00f3n de los argentinos y de en\u00e9rgica condena a las juntas militares.<\/p>\n<p>\u00abCon la democracia se come, con la democracia se educa, con la democracia se cura\u00bb, dec\u00eda Alfons\u00edn en sus discursos de campa\u00f1a, que siempre cerraba con el recitado del pre\u00e1mbulo de la Constituci\u00f3n nacional.<\/p>\n<p>La f\u00f3rmula de Ricardo Alfons\u00edn, de la l\u00ednea interna Renovaci\u00f3n y Cambio de la Uni\u00f3n C\u00edvica Radical (UCR), y el cordob\u00e9s V\u00edctor Mart\u00ednez lleg\u00f3 a las elecciones, tras imponerse en las internas a Fernando De la R\u00faa, por entonces identificado con el liderazgo de Ricardo Balb\u00edn, y con el antecedente de haberle ganado al peronismo gobernante en 1973, en las elecciones para senador porte\u00f1o.<\/p>\n<p>Por su parte, el Partido Justicialista (PJ) present\u00f3 como candidatos al binomio formado por \u00cdtalo Argentino L\u00fader y Deolindo Felipe Bittel, que pasar\u00edan a la historia en ser los primeros peronistas en perder, sin condicionamientos ni proscripciones, unas elecciones nacionales ante otra fuerza pol\u00edtica.<\/p>\n<p>Considerada por muchos analistas como la primera campa\u00f1a que combin\u00f3 los tradicionales actos multitudinarios con el nuevo marketing pol\u00edtico (encuestas, medios de comunicaci\u00f3n, imagen de los candidatos), la UCR apel\u00f3 a t\u00e9cnicas como el \u00absaludo de Alfons\u00edn\u00bb \u2013el gesto de juntar ambas manos junto a su cabeza\u2013 o el uso de las iniciales \u00abRA\u00bb, en busca de una deliberada asociaci\u00f3n entre Ra\u00fal Alfons\u00edn y Rep\u00fablica Argentina.<\/p>\n<p>En abril de 1983, Alfons\u00edn denunci\u00f3 la existencia de un \u00abpacto militar-sindical\u00bb destinado a garantizar la autoamnist\u00eda promulgada por los militares para exculparse de sistem\u00e1ticas violaciones a los derechos humanos.<\/p>\n<p>En respuesta, el peronismo busc\u00f3 identificar la candidatura de Alfons\u00edn con la empresa estadounidense Coca-Cola, y empapel\u00f3 las calles de Buenos Aires con carteles alusivos a esa supuesta vinculaci\u00f3n.<\/p>\n<p>El punto m\u00e1s alto de la campa\u00f1a radical lleg\u00f3 el 26 de octubre, a cuatro d\u00edas de las elecciones, cuando Alfons\u00edn congreg\u00f3 a m\u00e1s de un mill\u00f3n de personas frente a un escenario montado en el Obelisco porte\u00f1o.<\/p>\n<p>\u00abHay dos propuestas, dos ideas, pero un solo pueblo\u00bb, subray\u00f3 el candidato radical ante la multitud.<\/p>\n<p>La manifestaci\u00f3n de apoyo a Alfons\u00edn se constituy\u00f3 en un desaf\u00edo para el peronismo, que dos d\u00edas m\u00e1s tarde convoc\u00f3 a otra multitud en el Obelisco, donde el dirigente Herminio Iglesias apareci\u00f3 como responsable de la quema de una miniatura de ata\u00fad con el nombre del candidato radical y pintado con los colores blanco y rojo de la UCR.<\/p>\n<p><strong>Participaci\u00f3n<\/strong><\/p>\n<p>En ese contexto, la gente acudi\u00f3 a votar en forma masiva el 30 de octubre y marc\u00f3 as\u00ed otro hito hist\u00f3rico: hubo una participaci\u00f3n electoral del 85,61 por ciento, un nivel que desde entonces nunca volvi\u00f3 a ser alcanzado en una elecci\u00f3n presidencial en el pa\u00eds.<\/p>\n<p><iframe loading=\"lazy\" src=\"https:\/\/www.youtube.com\/embed\/StkAh8MGLPY\" width=\"508\" height=\"381\" frameborder=\"0\" allowfullscreen=\"allowfullscreen\"><\/iframe><\/p>\n","protected":false},"excerpt":{"rendered":"<p>La democracia cumple 36 a\u00f1os de su restauraci\u00f3n en el pa\u00eds, con las elecciones que consagraron al candidato radical Ra\u00fal<\/p>\n","protected":false},"author":1,"featured_media":19745,"comment_status":"closed","ping_status":"closed","sticky":false,"template":"","format":"standard","meta":{"kia_subtitle":"","footnotes":"","jetpack_publicize_message":"","jetpack_publicize_feature_enabled":true,"jetpack_social_post_already_shared":true,"jetpack_social_options":{"image_generator_settings":{"template":"highway","default_image_id":0,"font":"","enabled":false},"version":2}},"categories":[3,41],"tags":[],"class_list":["post-19744","post","type-post","status-publish","format-standard","has-post-thumbnail","hentry","category-actualidad","category-nacionales"],"jetpack_publicize_connections":[],"jetpack_featured_media_url":"https:\/\/laurbedigital.com.ar\/noticias\/wp-content\/uploads\/2019\/10\/20191030-nac-14-3-03333.jpg","_links":{"self":[{"href":"https:\/\/laurbedigital.com.ar\/noticias\/wp-json\/wp\/v2\/posts\/19744","targetHints":{"allow":["GET"]}}],"collection":[{"href":"https:\/\/laurbedigital.com.ar\/noticias\/wp-json\/wp\/v2\/posts"}],"about":[{"href":"https:\/\/laurbedigital.com.ar\/noticias\/wp-json\/wp\/v2\/types\/post"}],"author":[{"embeddable":true,"href":"https:\/\/laurbedigital.com.ar\/noticias\/wp-json\/wp\/v2\/users\/1"}],"replies":[{"embeddable":true,"href":"https:\/\/laurbedigital.com.ar\/noticias\/wp-json\/wp\/v2\/comments?post=19744"}],"version-history":[{"count":1,"href":"https:\/\/laurbedigital.com.ar\/noticias\/wp-json\/wp\/v2\/posts\/19744\/revisions"}],"predecessor-version":[{"id":19746,"href":"https:\/\/laurbedigital.com.ar\/noticias\/wp-json\/wp\/v2\/posts\/19744\/revisions\/19746"}],"wp:featuredmedia":[{"embeddable":true,"href":"https:\/\/laurbedigital.com.ar\/noticias\/wp-json\/wp\/v2\/media\/19745"}],"wp:attachment":[{"href":"https:\/\/laurbedigital.com.ar\/noticias\/wp-json\/wp\/v2\/media?parent=19744"}],"wp:term":[{"taxonomy":"category","embeddable":true,"href":"https:\/\/laurbedigital.com.ar\/noticias\/wp-json\/wp\/v2\/categories?post=19744"},{"taxonomy":"post_tag","embeddable":true,"href":"https:\/\/laurbedigital.com.ar\/noticias\/wp-json\/wp\/v2\/tags?post=19744"}],"curies":[{"name":"wp","href":"https:\/\/api.w.org\/{rel}","templated":true}]}}