{"id":19680,"date":"2019-10-28T17:28:40","date_gmt":"2019-10-28T20:28:40","guid":{"rendered":"http:\/\/laurbedigital.com.ar\/noticias\/?p=19680"},"modified":"2019-10-28T17:28:40","modified_gmt":"2019-10-28T20:28:40","slug":"asesinan-balazos-hombre-metros-la-municipalidad-quilmes","status":"publish","type":"post","link":"https:\/\/laurbedigital.com.ar\/noticias\/2019\/10\/28\/asesinan-balazos-hombre-metros-la-municipalidad-quilmes\/","title":{"rendered":"Asesinan a balazos a un hombre a metros de la Municipalidad de Quilmes"},"content":{"rendered":"<p>Un hombre de unos 50 a\u00f1os que circulaba en un autom\u00f3vil importado, ten\u00eda en la cintura una pistola Glock y a\u00fan no fue identificado, fue asesinado esta ma\u00f1ana a balazos a metros de la municipalidad de la localidad bonaerense de Quilmes, informaron fuentes policiales.<\/p>\n<p>El hecho ocurri\u00f3 en la esquina de la calle General Paz y Alberdi, a metros de la municipalidad del mencionado partido del sur del conurbano, hacia donde dos polic\u00edas de la Polic\u00eda Local Quilmes que estaban de recorrida en la zona concurrieron luego de escuchar una serie de detonaciones de arma de fuego.<\/p>\n<p>Al llegar al lugar vieron un autom\u00f3vil marca Audi plateado detenido en medio de la calle, cerrado, con el motor en marcha y algunos impactos de bala en el sector de la puerta y la ventanilla del lado del conductor.<\/p>\n<p>A unos metros, sobre el cord\u00f3n de la vereda del lado izquierdo, los polic\u00edas encontraron al ocupante de dicho rodado, quien se encontraba herido de bala, inconsciente y con una pistola marca Glock en la cintura.<\/p>\n<p>Al lugar arrib\u00f3 una ambulancia del SAME que de inmediato traslad\u00f3 al hombre al hospital Iriarte de Quilmes, adonde lleg\u00f3 fallecido.<\/p>\n<p>La polic\u00eda a\u00fan no hab\u00eda podido identificar al hombre asesinado, quien aparenta tener unos 50 a\u00f1os pero no ten\u00eda documentaci\u00f3n encima.<\/p>\n<p>Los pesquisas intentaban determinar la titularidad del veh\u00edculo Audi, cuya patente es AC188TO.<\/p>\n<p>A simple vista, el auto recibi\u00f3 al menos tres balazos que dieron uno en la ventanilla y otros dos en la chapa de la puerta del lado del conductor.<\/p>\n<p>El caso es investigado por el fiscal Mart\u00edn Conde, de la Unidad Funcional de Instrucci\u00f3n (UFI) 3 de Quilmes, quien orden\u00f3 preservar la escena del crimen y el auto para la labor de los peritos de Polic\u00eda Cient\u00edfica.<\/p>\n","protected":false},"excerpt":{"rendered":"<p>Un hombre de unos 50 a\u00f1os que circulaba en un autom\u00f3vil importado, ten\u00eda en la cintura una pistola Glock y<\/p>\n","protected":false},"author":1,"featured_media":19681,"comment_status":"closed","ping_status":"closed","sticky":false,"template":"","format":"standard","meta":{"kia_subtitle":"","footnotes":"","jetpack_publicize_message":"","jetpack_publicize_feature_enabled":true,"jetpack_social_post_already_shared":true,"jetpack_social_options":{"image_generator_settings":{"template":"highway","default_image_id":0,"font":"","enabled":false},"version":2}},"categories":[8],"tags":[2041,2042],"class_list":["post-19680","post","type-post","status-publish","format-standard","has-post-thumbnail","hentry","category-policiales","tag-asesinato-en-quilmes","tag-inseguridad-quilmes"],"jetpack_publicize_connections":[],"jetpack_featured_media_url":"https:\/\/laurbedigital.com.ar\/noticias\/wp-content\/uploads\/2019\/10\/20191028-policiales.jpg","_links":{"self":[{"href":"https:\/\/laurbedigital.com.ar\/noticias\/wp-json\/wp\/v2\/posts\/19680","targetHints":{"allow":["GET"]}}],"collection":[{"href":"https:\/\/laurbedigital.com.ar\/noticias\/wp-json\/wp\/v2\/posts"}],"about":[{"href":"https:\/\/laurbedigital.com.ar\/noticias\/wp-json\/wp\/v2\/types\/post"}],"author":[{"embeddable":true,"href":"https:\/\/laurbedigital.com.ar\/noticias\/wp-json\/wp\/v2\/users\/1"}],"replies":[{"embeddable":true,"href":"https:\/\/laurbedigital.com.ar\/noticias\/wp-json\/wp\/v2\/comments?post=19680"}],"version-history":[{"count":1,"href":"https:\/\/laurbedigital.com.ar\/noticias\/wp-json\/wp\/v2\/posts\/19680\/revisions"}],"predecessor-version":[{"id":19682,"href":"https:\/\/laurbedigital.com.ar\/noticias\/wp-json\/wp\/v2\/posts\/19680\/revisions\/19682"}],"wp:featuredmedia":[{"embeddable":true,"href":"https:\/\/laurbedigital.com.ar\/noticias\/wp-json\/wp\/v2\/media\/19681"}],"wp:attachment":[{"href":"https:\/\/laurbedigital.com.ar\/noticias\/wp-json\/wp\/v2\/media?parent=19680"}],"wp:term":[{"taxonomy":"category","embeddable":true,"href":"https:\/\/laurbedigital.com.ar\/noticias\/wp-json\/wp\/v2\/categories?post=19680"},{"taxonomy":"post_tag","embeddable":true,"href":"https:\/\/laurbedigital.com.ar\/noticias\/wp-json\/wp\/v2\/tags?post=19680"}],"curies":[{"name":"wp","href":"https:\/\/api.w.org\/{rel}","templated":true}]}}