{"id":19640,"date":"2019-10-27T21:45:43","date_gmt":"2019-10-28T00:45:43","guid":{"rendered":"http:\/\/laurbedigital.com.ar\/noticias\/?p=19640"},"modified":"2019-10-27T21:45:43","modified_gmt":"2019-10-28T00:45:43","slug":"datos-oficiales-alberto-fernandez-nuevo-presidente","status":"publish","type":"post","link":"https:\/\/laurbedigital.com.ar\/noticias\/2019\/10\/27\/datos-oficiales-alberto-fernandez-nuevo-presidente\/","title":{"rendered":"Datos oficiales: Alberto Fern\u00e1ndez es el nuevo Presidente"},"content":{"rendered":"<div><\/div>\n<div>\n<p>De acuerdo a datos oficiales, el candidato del Frente de Todos supera el 48% y Mauricio Macri ronda el 41% y no llega al balotaje.<\/p>\n<p>Alberto\u00a0Fern\u00e1ndez se impon\u00eda esta noche con el 47,48 por ciento de los votos y le sacaba una ventaja menor a la de las PASO al presidente Mauricio Macri, que obtiene con el 41,08 por ciento.<\/p>\n<article>\n<div>\n<div data-twitter-link=\"\">\n<p>Con el 80 por ciento de las mesas escrutadas, el candidato del Frente de Todos se perfila como presidente electo en primera vuelta al superar el 45 por ciento junto a la ex mandataria Cristina Kirchner, que se convertir\u00eda en vicepresidenta a partir del 10 de diciembre.<\/p>\n<p>No obstante, el resultado tom\u00f3 por sorpresa al Frente de Todos que esperaba superar el 50 por ciento con unos 20 puntos de ventaja, mientras que levant\u00f3 el \u00e1nimo en el b\u00fanker de Juntos por el Cambio.<\/p>\n<p>Es que respecto de las primarias de agosto Fern\u00e1ndez mantiene casi el mismo porcentaje (hab\u00eda sacado 47,7 por ciento) mientras que Macri creci\u00f3 casi 10 puntos.<\/p>\n<p>La polarizaci\u00f3n que se dio en las primarias (PASO) de agosto entre el Frente de Todos y Juntos por el Cambio se profundiz\u00f3 en este turno electoral, si se observa que la tercera fuerza, Consenso Federal, encabezada por Roberto Lavagna, obtuvo el 6,1 por ciento, dos puntos menos que en agosto.<\/p>\n<\/div>\n<\/div>\n<\/article>\n<\/div>\n","protected":false},"excerpt":{"rendered":"<p>De acuerdo a datos oficiales, el candidato del Frente de Todos supera el 48% y Mauricio Macri ronda el 41%<\/p>\n","protected":false},"author":1,"featured_media":19641,"comment_status":"closed","ping_status":"closed","sticky":false,"template":"","format":"standard","meta":{"kia_subtitle":"","footnotes":"","jetpack_publicize_message":"","jetpack_publicize_feature_enabled":true,"jetpack_social_post_already_shared":true,"jetpack_social_options":{"image_generator_settings":{"template":"highway","default_image_id":0,"font":"","enabled":false},"version":2}},"categories":[3,41],"tags":[1538,2034,2035],"class_list":["post-19640","post","type-post","status-publish","format-standard","has-post-thumbnail","hentry","category-actualidad","category-nacionales","tag-alberto-fernandez-cristina-fernandez-de-kirchner","tag-elecciones-presidenciales-argentina-2019","tag-frente-de-todos"],"jetpack_publicize_connections":[],"jetpack_featured_media_url":"https:\/\/laurbedigital.com.ar\/noticias\/wp-content\/uploads\/2019\/10\/20191027-nac1.jpg","_links":{"self":[{"href":"https:\/\/laurbedigital.com.ar\/noticias\/wp-json\/wp\/v2\/posts\/19640","targetHints":{"allow":["GET"]}}],"collection":[{"href":"https:\/\/laurbedigital.com.ar\/noticias\/wp-json\/wp\/v2\/posts"}],"about":[{"href":"https:\/\/laurbedigital.com.ar\/noticias\/wp-json\/wp\/v2\/types\/post"}],"author":[{"embeddable":true,"href":"https:\/\/laurbedigital.com.ar\/noticias\/wp-json\/wp\/v2\/users\/1"}],"replies":[{"embeddable":true,"href":"https:\/\/laurbedigital.com.ar\/noticias\/wp-json\/wp\/v2\/comments?post=19640"}],"version-history":[{"count":1,"href":"https:\/\/laurbedigital.com.ar\/noticias\/wp-json\/wp\/v2\/posts\/19640\/revisions"}],"predecessor-version":[{"id":19642,"href":"https:\/\/laurbedigital.com.ar\/noticias\/wp-json\/wp\/v2\/posts\/19640\/revisions\/19642"}],"wp:featuredmedia":[{"embeddable":true,"href":"https:\/\/laurbedigital.com.ar\/noticias\/wp-json\/wp\/v2\/media\/19641"}],"wp:attachment":[{"href":"https:\/\/laurbedigital.com.ar\/noticias\/wp-json\/wp\/v2\/media?parent=19640"}],"wp:term":[{"taxonomy":"category","embeddable":true,"href":"https:\/\/laurbedigital.com.ar\/noticias\/wp-json\/wp\/v2\/categories?post=19640"},{"taxonomy":"post_tag","embeddable":true,"href":"https:\/\/laurbedigital.com.ar\/noticias\/wp-json\/wp\/v2\/tags?post=19640"}],"curies":[{"name":"wp","href":"https:\/\/api.w.org\/{rel}","templated":true}]}}