{"id":19566,"date":"2019-10-24T13:20:49","date_gmt":"2019-10-24T16:20:49","guid":{"rendered":"http:\/\/laurbedigital.com.ar\/noticias\/?p=19566"},"modified":"2019-10-24T13:25:33","modified_gmt":"2019-10-24T16:25:33","slug":"netflix-anuncia-nueva-mini-serie-alguien-morir","status":"publish","type":"post","link":"https:\/\/laurbedigital.com.ar\/noticias\/2019\/10\/24\/netflix-anuncia-nueva-mini-serie-alguien-morir\/","title":{"rendered":"Netflix anuncia nueva mini serie \u201cAlguien tiene que morir\u201d"},"content":{"rendered":"<p>\u201c<strong>Alguien tiene que morir<\/strong>\u201d, es la nueva mini serie de\u00a0<strong>Manolo Caro<\/strong>, tambi\u00e9n director de la serie La Casa de las Flores y en esta ocasi\u00f3n participa en la realizaci\u00f3n de la mini serie de tres cap\u00edtulos protagonizada por\u00a0<strong>Carmen Maura, Cecilia Su\u00e1rez, Ernesto Alterio, Alejandro Speitzer e Isaac Hern\u00e1ndez<\/strong>.<\/p>\n<p>El elenco lo completan Ester Exp\u00f3sito, Pilar Castro, Mariola Fuentes, Eduardo Casanova, Manuel Mor\u00f3n, Juan Carlos Vellido y Carlos Cuevas.<\/p>\n<p>\u201cAlguien tiene que morir\u201d se sit\u00faa en 1950 y cuenta la historia de un joven que sus padres le piden regresar de M\u00e9xico a su natal Espa\u00f1a para conocer a su prometida, pero el pueblo queda sorprendido cuando vuelve en compa\u00f1\u00eda de L\u00e1zaro, un misterioso bailar\u00edn de ballet.<\/p>\n<p>\u201cAlguien tiene que morir es un reto maravilloso, mi primer proyecto en Espa\u00f1a y el primero fuera de la comedia, lo cual me ten\u00eda muy nervioso. Contar con este reparto es un sue\u00f1o y hace que todo se vuelva m\u00e1s f\u00e1cil. Estaba ansioso por empezar y ahora es una realidad\u201d, comenta Manolo Caro acerca de la mini serie de tres cap\u00edtulos que fue grabada en Espa\u00f1a.<\/p>\n<p>Manolo Caro, Fernando P\u00e9rez y Monika Revilla escribieron esta historia que adem\u00e1s fue producida por Rafael Ley, Mar\u00eda Jos\u00e9 C\u00f3rdova, Carlos Taibo y Manolo. Se estrenar\u00e1 en 2020 en Netflix.<\/p>\n<p><iframe loading=\"lazy\" src=\"https:\/\/www.youtube.com\/embed\/0dJMrbDZixM\" width=\"677\" height=\"381\" frameborder=\"0\" allowfullscreen=\"allowfullscreen\"><\/iframe><\/p>\n","protected":false},"excerpt":{"rendered":"<p>\u201cAlguien tiene que morir\u201d, es la nueva mini serie de\u00a0Manolo Caro, tambi\u00e9n director de la serie La Casa de las<\/p>\n","protected":false},"author":1,"featured_media":19556,"comment_status":"closed","ping_status":"closed","sticky":false,"template":"","format":"standard","meta":{"kia_subtitle":"","footnotes":"","jetpack_publicize_message":"","jetpack_publicize_feature_enabled":true,"jetpack_social_post_already_shared":true,"jetpack_social_options":{"image_generator_settings":{"template":"highway","default_image_id":0,"font":"","enabled":false},"version":2}},"categories":[68],"tags":[],"class_list":["post-19566","post","type-post","status-publish","format-standard","has-post-thumbnail","hentry","category-cine-y-series"],"jetpack_publicize_connections":[],"jetpack_featured_media_url":"https:\/\/laurbedigital.com.ar\/noticias\/wp-content\/uploads\/2019\/10\/20191024-series-3-03333.jpg","_links":{"self":[{"href":"https:\/\/laurbedigital.com.ar\/noticias\/wp-json\/wp\/v2\/posts\/19566","targetHints":{"allow":["GET"]}}],"collection":[{"href":"https:\/\/laurbedigital.com.ar\/noticias\/wp-json\/wp\/v2\/posts"}],"about":[{"href":"https:\/\/laurbedigital.com.ar\/noticias\/wp-json\/wp\/v2\/types\/post"}],"author":[{"embeddable":true,"href":"https:\/\/laurbedigital.com.ar\/noticias\/wp-json\/wp\/v2\/users\/1"}],"replies":[{"embeddable":true,"href":"https:\/\/laurbedigital.com.ar\/noticias\/wp-json\/wp\/v2\/comments?post=19566"}],"version-history":[{"count":3,"href":"https:\/\/laurbedigital.com.ar\/noticias\/wp-json\/wp\/v2\/posts\/19566\/revisions"}],"predecessor-version":[{"id":19569,"href":"https:\/\/laurbedigital.com.ar\/noticias\/wp-json\/wp\/v2\/posts\/19566\/revisions\/19569"}],"wp:featuredmedia":[{"embeddable":true,"href":"https:\/\/laurbedigital.com.ar\/noticias\/wp-json\/wp\/v2\/media\/19556"}],"wp:attachment":[{"href":"https:\/\/laurbedigital.com.ar\/noticias\/wp-json\/wp\/v2\/media?parent=19566"}],"wp:term":[{"taxonomy":"category","embeddable":true,"href":"https:\/\/laurbedigital.com.ar\/noticias\/wp-json\/wp\/v2\/categories?post=19566"},{"taxonomy":"post_tag","embeddable":true,"href":"https:\/\/laurbedigital.com.ar\/noticias\/wp-json\/wp\/v2\/tags?post=19566"}],"curies":[{"name":"wp","href":"https:\/\/api.w.org\/{rel}","templated":true}]}}