{"id":19452,"date":"2019-10-18T13:29:01","date_gmt":"2019-10-18T16:29:01","guid":{"rendered":"http:\/\/laurbedigital.com.ar\/noticias\/?p=19452"},"modified":"2019-10-18T13:29:01","modified_gmt":"2019-10-18T16:29:01","slug":"peter-lanzani-protagonizara-reino-una-serie-producida-netflix","status":"publish","type":"post","link":"https:\/\/laurbedigital.com.ar\/noticias\/2019\/10\/18\/peter-lanzani-protagonizara-reino-una-serie-producida-netflix\/","title":{"rendered":"Peter Lanzani protagonizar\u00e1 &#8216;El Reino&#8217;, una serie producida por Netflix"},"content":{"rendered":"<p><strong>El Reino<\/strong>, un proyecto muy importante que dirigir\u00e1\u00a0<strong>Marcelo Pi\u00f1eyro<\/strong>, guionado por \u00e9l y la exitosa escritora\u00a0<strong>Claudia Pi\u00f1eyro<\/strong>, quien expres\u00f3 en una entrevista que en breve comenzar\u00e1n las grabaciones. Lanzani ya est\u00e1 confirmado, solo nos resta esperar saber de qu\u00e9 trata y como se conformar\u00e1 el resto del elenco.<\/p>\n<p>En la ficci\u00f3n sobre el astro del f\u00fatbol, se pone en la piel de Jorge Cyterszpiller, el primer representante de Maradona. Peter se tuvo que caracterizar, quitando sus dotes de gal\u00e1n, para hacer el personaje m\u00e1s cre\u00edble. Lo cierto es que terminado su recorrido por Europa, seg\u00fan el portal Diario Show, el actor regresa a nuestro pa\u00eds para protagonizar una serie para Netflix.<\/p>\n","protected":false},"excerpt":{"rendered":"<p>El Reino, un proyecto muy importante que dirigir\u00e1\u00a0Marcelo Pi\u00f1eyro, guionado por \u00e9l y la exitosa escritora\u00a0Claudia Pi\u00f1eyro, quien expres\u00f3 en<\/p>\n","protected":false},"author":1,"featured_media":19453,"comment_status":"closed","ping_status":"closed","sticky":false,"template":"","format":"standard","meta":{"kia_subtitle":"","footnotes":"","jetpack_publicize_message":"","jetpack_publicize_feature_enabled":true,"jetpack_social_post_already_shared":true,"jetpack_social_options":{"image_generator_settings":{"template":"highway","default_image_id":0,"font":"","enabled":false},"version":2}},"categories":[68],"tags":[],"class_list":["post-19452","post","type-post","status-publish","format-standard","has-post-thumbnail","hentry","category-cine-y-series"],"jetpack_publicize_connections":[],"jetpack_featured_media_url":"https:\/\/laurbedigital.com.ar\/noticias\/wp-content\/uploads\/2019\/10\/20191018-series-03333.jpg","_links":{"self":[{"href":"https:\/\/laurbedigital.com.ar\/noticias\/wp-json\/wp\/v2\/posts\/19452","targetHints":{"allow":["GET"]}}],"collection":[{"href":"https:\/\/laurbedigital.com.ar\/noticias\/wp-json\/wp\/v2\/posts"}],"about":[{"href":"https:\/\/laurbedigital.com.ar\/noticias\/wp-json\/wp\/v2\/types\/post"}],"author":[{"embeddable":true,"href":"https:\/\/laurbedigital.com.ar\/noticias\/wp-json\/wp\/v2\/users\/1"}],"replies":[{"embeddable":true,"href":"https:\/\/laurbedigital.com.ar\/noticias\/wp-json\/wp\/v2\/comments?post=19452"}],"version-history":[{"count":1,"href":"https:\/\/laurbedigital.com.ar\/noticias\/wp-json\/wp\/v2\/posts\/19452\/revisions"}],"predecessor-version":[{"id":19454,"href":"https:\/\/laurbedigital.com.ar\/noticias\/wp-json\/wp\/v2\/posts\/19452\/revisions\/19454"}],"wp:featuredmedia":[{"embeddable":true,"href":"https:\/\/laurbedigital.com.ar\/noticias\/wp-json\/wp\/v2\/media\/19453"}],"wp:attachment":[{"href":"https:\/\/laurbedigital.com.ar\/noticias\/wp-json\/wp\/v2\/media?parent=19452"}],"wp:term":[{"taxonomy":"category","embeddable":true,"href":"https:\/\/laurbedigital.com.ar\/noticias\/wp-json\/wp\/v2\/categories?post=19452"},{"taxonomy":"post_tag","embeddable":true,"href":"https:\/\/laurbedigital.com.ar\/noticias\/wp-json\/wp\/v2\/tags?post=19452"}],"curies":[{"name":"wp","href":"https:\/\/api.w.org\/{rel}","templated":true}]}}