{"id":19400,"date":"2019-10-16T11:45:51","date_gmt":"2019-10-16T14:45:51","guid":{"rendered":"http:\/\/laurbedigital.com.ar\/noticias\/?p=19400"},"modified":"2019-10-16T09:40:51","modified_gmt":"2019-10-16T12:40:51","slug":"indec-dio-conocer-la-inflacion-septiembre","status":"publish","type":"post","link":"https:\/\/laurbedigital.com.ar\/noticias\/2019\/10\/16\/indec-dio-conocer-la-inflacion-septiembre\/","title":{"rendered":"El INDEC dio a conocer la inflaci\u00f3n de septiembre"},"content":{"rendered":"<article class=\"article-body first\">\n<div class=\"article-content selectionShareable\">\n<div class=\"cuerpo\" data-twitter-link=\"\">\n<p>El\u00a0<strong>INDEC<\/strong>\u00a0dar\u00e1 a conocer hoy la\u00a0inflaci\u00f3n\u00a0de septiembre, que conformar\u00eda uno de los registros m\u00e1s altos durante la Presidencia de\u00a0<strong>Mauricio\u00a0Macri<\/strong>, al ubicarse en el orden del\u00a0<strong>6<\/strong>\u00a0por ciento, seg\u00fan estimaciones privadas.<\/p>\n<\/div>\n<\/div>\n<\/article>\n<article class=\"article-body\">\n<div class=\"article-content selectionShareable\">\n<div class=\"cuerpo\" data-twitter-link=\"\">\n<p>El \u00cdndice de precios al consumidor (<strong>IPC<\/strong>) mostrar\u00e1 as\u00ed una marcada tendencia alcista que ya fue anticipada en agosto, cuando se reflej\u00f3 parcialmente el impacto de la devaluaci\u00f3n.<\/p>\n<p>Seg\u00fan el \u00faltimo sondeo del\u00a0<strong>INDEC<\/strong>, el alza de los precios minoristas de agosto lleg\u00f3 al\u00a0<strong>4%<\/strong>, con lo que acumul\u00f3 en los primeros ocho meses un avance del\u00a0<strong>30%<\/strong>\u00a0y un incremento del\u00a0<strong>54,5%<\/strong>\u00a0en los \u00faltimos doce.<\/p>\n<p>&nbsp;<\/p>\n<\/div>\n<\/div>\n<\/article>\n","protected":false},"excerpt":{"rendered":"<p>El\u00a0INDEC\u00a0dar\u00e1 a conocer hoy la\u00a0inflaci\u00f3n\u00a0de septiembre, que conformar\u00eda uno de los registros m\u00e1s altos durante la Presidencia de\u00a0Mauricio\u00a0Macri, al ubicarse<\/p>\n","protected":false},"author":1,"featured_media":19401,"comment_status":"closed","ping_status":"closed","sticky":false,"template":"","format":"standard","meta":{"kia_subtitle":"","footnotes":"","jetpack_publicize_message":"","jetpack_publicize_feature_enabled":true,"jetpack_social_post_already_shared":true,"jetpack_social_options":{"image_generator_settings":{"template":"highway","default_image_id":0,"font":"","enabled":false},"version":2}},"categories":[3,41],"tags":[],"class_list":["post-19400","post","type-post","status-publish","format-standard","has-post-thumbnail","hentry","category-actualidad","category-nacionales"],"jetpack_publicize_connections":[],"jetpack_featured_media_url":"https:\/\/laurbedigital.com.ar\/noticias\/wp-content\/uploads\/2019\/10\/20191016-nac2-03333.jpg","_links":{"self":[{"href":"https:\/\/laurbedigital.com.ar\/noticias\/wp-json\/wp\/v2\/posts\/19400","targetHints":{"allow":["GET"]}}],"collection":[{"href":"https:\/\/laurbedigital.com.ar\/noticias\/wp-json\/wp\/v2\/posts"}],"about":[{"href":"https:\/\/laurbedigital.com.ar\/noticias\/wp-json\/wp\/v2\/types\/post"}],"author":[{"embeddable":true,"href":"https:\/\/laurbedigital.com.ar\/noticias\/wp-json\/wp\/v2\/users\/1"}],"replies":[{"embeddable":true,"href":"https:\/\/laurbedigital.com.ar\/noticias\/wp-json\/wp\/v2\/comments?post=19400"}],"version-history":[{"count":1,"href":"https:\/\/laurbedigital.com.ar\/noticias\/wp-json\/wp\/v2\/posts\/19400\/revisions"}],"predecessor-version":[{"id":19402,"href":"https:\/\/laurbedigital.com.ar\/noticias\/wp-json\/wp\/v2\/posts\/19400\/revisions\/19402"}],"wp:featuredmedia":[{"embeddable":true,"href":"https:\/\/laurbedigital.com.ar\/noticias\/wp-json\/wp\/v2\/media\/19401"}],"wp:attachment":[{"href":"https:\/\/laurbedigital.com.ar\/noticias\/wp-json\/wp\/v2\/media?parent=19400"}],"wp:term":[{"taxonomy":"category","embeddable":true,"href":"https:\/\/laurbedigital.com.ar\/noticias\/wp-json\/wp\/v2\/categories?post=19400"},{"taxonomy":"post_tag","embeddable":true,"href":"https:\/\/laurbedigital.com.ar\/noticias\/wp-json\/wp\/v2\/tags?post=19400"}],"curies":[{"name":"wp","href":"https:\/\/api.w.org\/{rel}","templated":true}]}}