{"id":19393,"date":"2019-10-16T10:30:54","date_gmt":"2019-10-16T13:30:54","guid":{"rendered":"http:\/\/laurbedigital.com.ar\/noticias\/?p=19393"},"modified":"2019-10-16T15:42:58","modified_gmt":"2019-10-16T18:42:58","slug":"estela-carlotto-espera-gomez-centurion-no-saque-ningun-voto","status":"publish","type":"post","link":"https:\/\/laurbedigital.com.ar\/noticias\/2019\/10\/16\/estela-carlotto-espera-gomez-centurion-no-saque-ningun-voto\/","title":{"rendered":"Estela de Carlotto espera que G\u00f3mez Centuri\u00f3n \u00abno saque ning\u00fan voto\u00bb"},"content":{"rendered":"<article class=\"article-body first\">\n<div class=\"article-content selectionShareable\">\n<div class=\"cuerpo\" data-twitter-link=\"\">\n<p>La titular de la Asociaci\u00f3n\u00a0Abuelas de Plaza de Mayo,\u00a0<strong>Estela de Carlotto<\/strong>, dijo que espera que el candidato del frente NOS, Juan Jos\u00e9 G\u00f3mez Centuri\u00f3n,\u00a0<strong>\u00abno saque ning\u00fan voto\u00bb<\/strong>\u00a0en las pr\u00f3ximas\u00a0elecciones\u00a0presidenciales.<\/p>\n<\/div>\n<\/div>\n<\/article>\n<article class=\"article-body\">\n<div class=\"article-content selectionShareable\">\n<div class=\"cuerpo\" data-twitter-link=\"\">\n<p><strong>\u00abEspero que este hombre (G\u00f3mez Centuri\u00f3n) no saque ning\u00fan voto, y si lo saca ser\u00e1 de quienes piensan como \u00e9l, que no son muchos\u00bb<\/strong>, manifest\u00f3 Carlotto.<\/p>\n<p>En declaraciones formuladas esta ma\u00f1ana a radio Futurock, asegur\u00f3 que el candidato de NOS\u00a0<strong>\u00abha dicho disparates, ofensas, un ataque a una historia probada, comprobada por la justicia\u00bb<\/strong>.<\/p>\n<\/div>\n<\/div>\n<\/article>\n","protected":false},"excerpt":{"rendered":"<p>La titular de la Asociaci\u00f3n\u00a0Abuelas de Plaza de Mayo,\u00a0Estela de Carlotto, dijo que espera que el candidato del frente NOS,<\/p>\n","protected":false},"author":1,"featured_media":19394,"comment_status":"closed","ping_status":"closed","sticky":false,"template":"","format":"standard","meta":{"kia_subtitle":"","footnotes":"","jetpack_publicize_message":"","jetpack_publicize_feature_enabled":true,"jetpack_social_post_already_shared":true,"jetpack_social_options":{"image_generator_settings":{"template":"highway","default_image_id":0,"font":"","enabled":false},"version":2}},"categories":[41,3],"tags":[],"class_list":["post-19393","post","type-post","status-publish","format-standard","has-post-thumbnail","hentry","category-nacionales","category-actualidad"],"jetpack_publicize_connections":[],"jetpack_featured_media_url":"https:\/\/laurbedigital.com.ar\/noticias\/wp-content\/uploads\/2019\/10\/20191016-NAC1-03333.jpg","_links":{"self":[{"href":"https:\/\/laurbedigital.com.ar\/noticias\/wp-json\/wp\/v2\/posts\/19393","targetHints":{"allow":["GET"]}}],"collection":[{"href":"https:\/\/laurbedigital.com.ar\/noticias\/wp-json\/wp\/v2\/posts"}],"about":[{"href":"https:\/\/laurbedigital.com.ar\/noticias\/wp-json\/wp\/v2\/types\/post"}],"author":[{"embeddable":true,"href":"https:\/\/laurbedigital.com.ar\/noticias\/wp-json\/wp\/v2\/users\/1"}],"replies":[{"embeddable":true,"href":"https:\/\/laurbedigital.com.ar\/noticias\/wp-json\/wp\/v2\/comments?post=19393"}],"version-history":[{"count":1,"href":"https:\/\/laurbedigital.com.ar\/noticias\/wp-json\/wp\/v2\/posts\/19393\/revisions"}],"predecessor-version":[{"id":19395,"href":"https:\/\/laurbedigital.com.ar\/noticias\/wp-json\/wp\/v2\/posts\/19393\/revisions\/19395"}],"wp:featuredmedia":[{"embeddable":true,"href":"https:\/\/laurbedigital.com.ar\/noticias\/wp-json\/wp\/v2\/media\/19394"}],"wp:attachment":[{"href":"https:\/\/laurbedigital.com.ar\/noticias\/wp-json\/wp\/v2\/media?parent=19393"}],"wp:term":[{"taxonomy":"category","embeddable":true,"href":"https:\/\/laurbedigital.com.ar\/noticias\/wp-json\/wp\/v2\/categories?post=19393"},{"taxonomy":"post_tag","embeddable":true,"href":"https:\/\/laurbedigital.com.ar\/noticias\/wp-json\/wp\/v2\/tags?post=19393"}],"curies":[{"name":"wp","href":"https:\/\/api.w.org\/{rel}","templated":true}]}}