{"id":19390,"date":"2019-10-16T10:02:36","date_gmt":"2019-10-16T13:02:36","guid":{"rendered":"http:\/\/laurbedigital.com.ar\/noticias\/?p=19390"},"modified":"2019-10-16T09:16:44","modified_gmt":"2019-10-16T12:16:44","slug":"la-casa-las-flores-vuelve-una-segunda-temporada","status":"publish","type":"post","link":"https:\/\/laurbedigital.com.ar\/noticias\/2019\/10\/16\/la-casa-las-flores-vuelve-una-segunda-temporada\/","title":{"rendered":"\u00abLa casa de las flores\u00bb vuelve en una segunda temporada"},"content":{"rendered":"<p>El 18 de octubre se estrena en Netflix a nivel mundial la segunda temporada de la aclamada serie mexicana \u00abLa casa de las flores\u00bb, que ser\u00e1 \u00abmucho m\u00e1s divertida\u00bb para los espectadores, coincidi\u00f3 este viernes en una entrevista con Efe su aplaudido elenco.<\/p>\n<p>\u00abEstamos ansiosos de regresar. Lo pasamos muy bien por la libertad y locura que tiene la temporada. Es mucho m\u00e1s divertida y muy loca\u00bb, explic\u00f3 Dar\u00edo Yazbek, quien da vida a Juli\u00e1n, uno de los tres hijos de la ya difunta Virginia de la Mora, quien fue interpretada en la primera temporada por la c\u00e9lebre actriz de telenovelas Ver\u00f3nica Castro.<\/p>\n<p>Para Manolo Caro, el creador de la serie, esta segunda entrega gira entorno a \u00abc\u00f3mo la familia afronta el duelo\u00bb y \u00abc\u00f3mo se reacomoda cada personaje y entre ellos\u00bb.<\/p>\n<p>\u00abHay tambi\u00e9n nuevas historias y nuevas tramas, temas a los que quisimos darles visibilidad, criticar o dialogarlos\u00bb, detall\u00f3 el cineasta mexicano.<\/p>\n<p>Tanto Caro, quien supo que habr\u00eda segunda temporada el d\u00eda que se estren\u00f3 la primera y ya tiene la certeza de que habr\u00e1 una tercera en 2020, como el reparto de la serie se sienten \u00abmuy emocionados\u00bb y convencidos de que la recepci\u00f3n por parte del p\u00fablico va a ser muy positiva, ya que la disfrutaron mucho \u00aby eso se va a notar\u00bb, consider\u00f3 Aislinn Derbez, quien interpreta a Elena, otra de las hermanas.<\/p>\n<p>\u00abLa esencia es muy clara: es una serie irreverente basada en la comedia pero con temas profundos y actuales\u00bb, dijo Caro, con lo que dej\u00f3 claro que esta nueva entrega seguir\u00e1 la l\u00ednea humor\u00edstica de la primera, al igual que se tocar\u00e1n temas profundos como la doble moral y la fuerza del n\u00facleo familiar tan arraigados en m\u00e9xico.<\/p>\n<p>La primera temporada dej\u00f3 a los espectadores atentos a la deriva espa\u00f1ola que pudiera tomar la segunda, ya que algunos de sus principales protagonistas quedaron a pie de avi\u00f3n: Paulina (Cecilia Su\u00e1rez) se embarca hacia Madrid, donde reside Mar\u00eda Jos\u00e9 (Paco Le\u00f3n), el padre del hijo de Paulina.<\/p>\n<p>Sin embargo, ante la muerte de la matriarca la familia se est\u00e1 cayendo a pedazos y Paulina se ve obligada a volver a M\u00e9xico cuando se entera de que el testamento de su madre ha sido impugnado.<\/p>\n<p>Con ese motivo, Paulina regresa y encuentra su casa peor que nunca: su padre Ernesto (Arturo R\u00edos) se ha unido a una secta de \u00e9xito pseudo-espiritual; su hermana Elena (Aislinn Derbez) est\u00e1 viviendo una crisis de identidad a consecuencia de sus \u00faltimas relaciones amorosas, y Juli\u00e1n ha encontrado un nuevo y peculiar trabajo que solo le traer\u00e1 m\u00e1s problemas.<\/p>\n<p>Sin dejar a un lado la b\u00fasqueda de su ansiada venganza contra Diego, quien se fug\u00f3 con el dinero de la familia, Paulina siente la responsabilidad de rescatar a los suyos y recuperar la florister\u00eda familiar pero es incapaz de ver que lo que realmente est\u00e1 poniendo en peligro es el hogar que ha decidido volver a crear al lado de Mar\u00eda Jos\u00e9.<\/p>\n<p>\u00abEl personaje (Paulina) se enfrenta al duelo, est\u00e1 preocupada con mantener el orden y es una familia dif\u00edcil de domar\u00bb, coment\u00f3 Cecilia Su\u00e1rez.<\/p>\n<p>Por su parte, Aislinn Derbez se siente muy satisfecha con su personaje, quien descubre en esta temporada una nueva parte de su personalidad.<\/p>\n<p>\u00abEs mi temporada favorita, es en la que m\u00e1s me divert\u00ed. Se eleva el nivel de locura y se lleva m\u00e1s al l\u00edmite a todos los personajes\u00bb, mencion\u00f3.<\/p>\n<p>Yazbek y Juan Pablo Medina, quienes forman en la serie la ya c\u00e9lebre pareja de Diego y Juli\u00e1n, opinaron que uno de los mayores aciertos de la serie es profundizar en temas pol\u00e9micos pero normaliz\u00e1ndolos.<\/p>\n<p>\u00abEl gran acierto de la serie es contar en televisi\u00f3n temas que anteriormente se trataban por encima y aqu\u00ed no hay restricci\u00f3n. Nuestros personajes viven una historia de amor, as\u00ed como es, y la ventaja es que trabaj\u00e1ndola desde ese punto ya no se vuelven una caricatura, son algo humano\u00bb, expres\u00f3 Medina.<\/p>\n<p>La serie, creada por el realizador y guionista mexicano Manolo Caro, que escribe los libretos con Alexandro Aldrete, Hipatia Arg\u00fcero, Mara Vargas y Gabriel Nuncio, est\u00e1 producida por Carlos Taibo.<\/p>\n<p>\u00abLa casa de las flores\u00bb cuenta tambi\u00e9n con las actuaciones Juan Pablo Medina, como Diego Olvera, y a\u00f1ade para esta segunda temporada a Mariana Trevi\u00f1o (Jenny Quetzal), Loreto Peralta (Rosita), Flavio Medina (Sim\u00f3n), Anabel Ferreira (Celeste) y las incorporaciones de Mar\u00eda Le\u00f3n como Purificaci\u00f3n, Eduardo Rosa como Alejo y Eduardo Casanova, que participa con una colaboraci\u00f3n especial.<\/p>\n","protected":false},"excerpt":{"rendered":"<p>El 18 de octubre se estrena en Netflix a nivel mundial la segunda temporada de la aclamada serie mexicana \u00abLa<\/p>\n","protected":false},"author":1,"featured_media":19391,"comment_status":"closed","ping_status":"closed","sticky":false,"template":"","format":"standard","meta":{"kia_subtitle":"","footnotes":"","jetpack_publicize_message":"","jetpack_publicize_feature_enabled":true,"jetpack_social_post_already_shared":true,"jetpack_social_options":{"image_generator_settings":{"template":"highway","default_image_id":0,"font":"","enabled":false},"version":2}},"categories":[68],"tags":[],"class_list":["post-19390","post","type-post","status-publish","format-standard","has-post-thumbnail","hentry","category-cine-y-series"],"jetpack_publicize_connections":[],"jetpack_featured_media_url":"https:\/\/laurbedigital.com.ar\/noticias\/wp-content\/uploads\/2019\/10\/20191016-series-03333.jpg","_links":{"self":[{"href":"https:\/\/laurbedigital.com.ar\/noticias\/wp-json\/wp\/v2\/posts\/19390","targetHints":{"allow":["GET"]}}],"collection":[{"href":"https:\/\/laurbedigital.com.ar\/noticias\/wp-json\/wp\/v2\/posts"}],"about":[{"href":"https:\/\/laurbedigital.com.ar\/noticias\/wp-json\/wp\/v2\/types\/post"}],"author":[{"embeddable":true,"href":"https:\/\/laurbedigital.com.ar\/noticias\/wp-json\/wp\/v2\/users\/1"}],"replies":[{"embeddable":true,"href":"https:\/\/laurbedigital.com.ar\/noticias\/wp-json\/wp\/v2\/comments?post=19390"}],"version-history":[{"count":1,"href":"https:\/\/laurbedigital.com.ar\/noticias\/wp-json\/wp\/v2\/posts\/19390\/revisions"}],"predecessor-version":[{"id":19392,"href":"https:\/\/laurbedigital.com.ar\/noticias\/wp-json\/wp\/v2\/posts\/19390\/revisions\/19392"}],"wp:featuredmedia":[{"embeddable":true,"href":"https:\/\/laurbedigital.com.ar\/noticias\/wp-json\/wp\/v2\/media\/19391"}],"wp:attachment":[{"href":"https:\/\/laurbedigital.com.ar\/noticias\/wp-json\/wp\/v2\/media?parent=19390"}],"wp:term":[{"taxonomy":"category","embeddable":true,"href":"https:\/\/laurbedigital.com.ar\/noticias\/wp-json\/wp\/v2\/categories?post=19390"},{"taxonomy":"post_tag","embeddable":true,"href":"https:\/\/laurbedigital.com.ar\/noticias\/wp-json\/wp\/v2\/tags?post=19390"}],"curies":[{"name":"wp","href":"https:\/\/api.w.org\/{rel}","templated":true}]}}