{"id":19381,"date":"2019-10-15T16:34:08","date_gmt":"2019-10-15T19:34:08","guid":{"rendered":"http:\/\/laurbedigital.com.ar\/noticias\/?p=19381"},"modified":"2019-10-22T16:45:40","modified_gmt":"2019-10-22T19:45:40","slug":"municipio-puso-funcionamiento-dos-nuevos-ramales-las-lineas-501-506","status":"publish","type":"post","link":"https:\/\/laurbedigital.com.ar\/noticias\/2019\/10\/15\/municipio-puso-funcionamiento-dos-nuevos-ramales-las-lineas-501-506\/","title":{"rendered":"El Municipio puso en funcionamiento dos nuevos ramales para las l\u00edneas 501 y 506"},"content":{"rendered":"<p>El Municipio de Almirante Brown, que encabeza el intendente Mariano Cascallares, puso en funcionamiento dos nuevos ramales para las l\u00edneas de colectivos 501 y 506, un avance que beneficia a miles de vecinos y vecinas de distintos barrios de las localidades de Longchamps, Burzaco, Glew y Ministro Rivadavia.<\/p>\n<p>Las dos iniciativas fueron concretadas por la gesti\u00f3n que encabeza el intendente Mariano Cascallares, en coordinaci\u00f3n con los vecinos y vecinas, y actualmente ya est\u00e1n en funcionamiento. Desde la Direcci\u00f3n General de Tr\u00e1nsito y Transporte local especificaron que esta decisi\u00f3n se tom\u00f3 a partir del avance que represent\u00f3 en la zona la hist\u00f3rica pavimentaci\u00f3n de la avenida Tom\u00e1s Espora que realiz\u00f3 la Comuna.<\/p>\n<p>En este sentido entre los principales fundamentos se encuentra que el asfalto de esta avenida tan importante, que conecta transversalmente las distintas localidades, permite el recorrido de nuevos ramales que hasta este momento no desembarcaban en el lugar por la falta de acceso y transitabilidad.<\/p>\n<p>\u201cA partir de los trabajos en la avenida Tom\u00e1s Espora los vecinos y vecinas solicitaron que se creen nuevos recorridos en esa zona para que haya una mayor conectividad y circulaci\u00f3n desde los barrios hasta las zonas c\u00e9ntricas de Longchamps y Burzaco. Por eso estamos dando respuestas desde el Municipio\u201d, explic\u00f3 el director general de Tr\u00e1nsito y Transporte, Daniel Raimundo.<\/p>\n<p>En este sentido, destac\u00f3 que \u201cel avance y el crecimiento que est\u00e1 habiendo en los barrios fue trascendental para que esta decisi\u00f3n avance y pueda concretarse\u201d, al tiempo que inform\u00f3 que \u201clos nuevos ramales comenzar\u00e1n a funcionar en los pr\u00f3ximos d\u00edas\u201d.<\/p>\n<p>DETALLES<\/p>\n<p>El nuevo ramal de la l\u00ednea 501 se denomina \u201cRamal 8 Estaci\u00f3n Longchamps-Barrio Santa Rosa\u201d y ya est\u00e1 en funcionamiento. Entre las principales razones que motivaron esta decisi\u00f3n se encuentran que la zona est\u00e1 compuesta por barrios en constante crecimiento por lo que resulta \u201cimprescindible adecuar los medios de comunicaci\u00f3n hacia zonas m\u00e1s c\u00e9ntricas\u201d.<\/p>\n<p>El recorrido\u00a0 comienza en la Estaci\u00f3n Ferroviaria de Longchamps (del lado Este), para luego transitar las calles Dr. Chiesa, Adolfo Alsina, Motti de Tieghi, Ovidio Lagos, Carlos Dielh, la avenida Espora, Yapey\u00fa, Espora, Espoile, Ministro French, Victorino de la Plaza y finaliza en San Ignacio.<\/p>\n<p>El regreso, en tanto, se efect\u00faa por las mismas calles, teniendo una frecuencia de espera de entre 10 y 12 minutos.<\/p>\n<p>En lo que respecta a la 506, el nuevo recorrido se denominar\u00e1 \u201cRamal 7: Estaci\u00f3n Burzaco- Barrio Gendarmer\u00eda por Avda. Espora\u201d y iniciar\u00e1 esta semana.<\/p>\n<p>Entre las principales consideraciones para poner en marcha este nuevo recorrido se encuentra la densidad poblacional de la zona y la reciente pavimentaci\u00f3n de la avenida Espora, lo cual permite una mayor comunicaci\u00f3n de los barrios con las zonas m\u00e1s urbanas.<\/p>\n<p>El trayecto es, a la ida, por las calles Adolfo Romero, Manuel Calder\u00f3n, la avenida Espora, Yapey\u00fa, Espora nuevamente, Uruguay, Fernando Fader, Humberto primo, Pellegrini, y termina en la d\u00e1rsena de la Estaci\u00f3n Ferroviaria de Burzaco (lado este).<\/p>\n<p>En la vuelta, en tanto, sale de la Estaci\u00f3n Burzaco (lado este) y toma las calles Ricardo Rojas, espora, Yapey\u00fa, Espora de nuevo, Calder\u00f3n, Adolfo Romero y termina Manuel Calder\u00f3n. El tiempo de espera estimado ser\u00e1, tambi\u00e9n, de 12 y 15 minutos.<\/p>\n<p>NUEVA APP<\/p>\n<p>El Municipio de Almirante Brown present\u00f3 la \u201cBrown M\u00f3vil App\u201d, una aplicaci\u00f3n digital para celulares y tablets que permite a los vecinos y vecinas tener informaci\u00f3n sobre los horarios y recorridos de trenes y colectivos, adem\u00e1s de la posibilidad de realizar diferentes tr\u00e1mites y gestiones en la Comuna.<\/p>\n<p>\u00abEsta novedosa propuesta que estamos lanzando les da a nuestros vecinos y vecinas previsibilidad para el viaje, les permite ahorrar tiempo y les da mayor seguridad al reducir las esperas en las paradas de colectivos y trenes\u00bb, indic\u00f3 el intendente Mariano Cascallares que invit\u00f3 a bajar la aplicaci\u00f3n en los celulares para comenzar a utilizarla.<\/p>\n<p>Desde la gesti\u00f3n que encabeza el intendente Mariano Cascallares especificaron que esta novedosa propuesta, que ya est\u00e1 disponible de forma gratuita en la tienda de aplicaciones de dispositivos iOS y Android, permite tener informaci\u00f3n sobre el estado de los servicios del transporte p\u00fablico del distrito en tiempo real, a trav\u00e9s de un moderno sistema de geolocalizaci\u00f3n.<\/p>\n","protected":false},"excerpt":{"rendered":"<p>El Municipio de Almirante Brown, que encabeza el intendente Mariano Cascallares, puso en funcionamiento dos nuevos ramales para las l\u00edneas<\/p>\n","protected":false},"author":1,"featured_media":19382,"comment_status":"closed","ping_status":"closed","sticky":false,"template":"","format":"standard","meta":{"kia_subtitle":"","footnotes":"","jetpack_publicize_message":"","jetpack_publicize_feature_enabled":true,"jetpack_social_post_already_shared":true,"jetpack_social_options":{"image_generator_settings":{"template":"highway","default_image_id":0,"font":"","enabled":false},"version":2}},"categories":[33,66],"tags":[915,1744,1992,1993],"class_list":["post-19381","post","type-post","status-publish","format-standard","has-post-thumbnail","hentry","category-alte-brown-alte-brown","category-interes-2","tag-cascallarespj","tag-municipio-de-almirante-brown","tag-nuevas-lineas-de-colectivos-501-y-506","tag-transporte-publico-almirante-brown"],"jetpack_publicize_connections":[],"jetpack_featured_media_url":"https:\/\/laurbedigital.com.ar\/noticias\/wp-content\/uploads\/2019\/10\/20191015-brown.jpg","_links":{"self":[{"href":"https:\/\/laurbedigital.com.ar\/noticias\/wp-json\/wp\/v2\/posts\/19381","targetHints":{"allow":["GET"]}}],"collection":[{"href":"https:\/\/laurbedigital.com.ar\/noticias\/wp-json\/wp\/v2\/posts"}],"about":[{"href":"https:\/\/laurbedigital.com.ar\/noticias\/wp-json\/wp\/v2\/types\/post"}],"author":[{"embeddable":true,"href":"https:\/\/laurbedigital.com.ar\/noticias\/wp-json\/wp\/v2\/users\/1"}],"replies":[{"embeddable":true,"href":"https:\/\/laurbedigital.com.ar\/noticias\/wp-json\/wp\/v2\/comments?post=19381"}],"version-history":[{"count":1,"href":"https:\/\/laurbedigital.com.ar\/noticias\/wp-json\/wp\/v2\/posts\/19381\/revisions"}],"predecessor-version":[{"id":19383,"href":"https:\/\/laurbedigital.com.ar\/noticias\/wp-json\/wp\/v2\/posts\/19381\/revisions\/19383"}],"wp:featuredmedia":[{"embeddable":true,"href":"https:\/\/laurbedigital.com.ar\/noticias\/wp-json\/wp\/v2\/media\/19382"}],"wp:attachment":[{"href":"https:\/\/laurbedigital.com.ar\/noticias\/wp-json\/wp\/v2\/media?parent=19381"}],"wp:term":[{"taxonomy":"category","embeddable":true,"href":"https:\/\/laurbedigital.com.ar\/noticias\/wp-json\/wp\/v2\/categories?post=19381"},{"taxonomy":"post_tag","embeddable":true,"href":"https:\/\/laurbedigital.com.ar\/noticias\/wp-json\/wp\/v2\/tags?post=19381"}],"curies":[{"name":"wp","href":"https:\/\/api.w.org\/{rel}","templated":true}]}}