{"id":19338,"date":"2019-10-10T17:11:57","date_gmt":"2019-10-10T20:11:57","guid":{"rendered":"http:\/\/laurbedigital.com.ar\/noticias\/?p=19338"},"modified":"2019-10-10T17:11:57","modified_gmt":"2019-10-10T20:11:57","slug":"cascallares-participo-jornada-dia-mundial-la-salud-mental","status":"publish","type":"post","link":"https:\/\/laurbedigital.com.ar\/noticias\/2019\/10\/10\/cascallares-participo-jornada-dia-mundial-la-salud-mental\/","title":{"rendered":"Cascallares particip\u00f3 de jornada por el d\u00eda mundial de la salud mental"},"content":{"rendered":"<p>El intendente de Almirante Brown, Mariano Cascallares, particip\u00f3 este mi\u00e9rcoles 10 de octubre de una jornada realizada en la Plaza Brown en el marco del D\u00eda Mundial de la Salud Mental.<\/p>\n<p>La Jornada consisti\u00f3 en una serie de actividades, informaci\u00f3n y prevenci\u00f3n llevadas a cabo por la Secretar\u00eda de Salud Municipal. Se visibiliz\u00f3 esta problem\u00e1tica y se brind\u00f3 informaci\u00f3n a trav\u00e9s de folleter\u00eda, talleres en stands, actividades l\u00fadicas y recreativas, radio abierta, bibliom\u00f3vil y actividades participativas.<\/p>\n<p>\u00abAqu\u00ed estamos junto a las instituciones y a los vecinos y vecinas de Almirante Brown trabajando para la difusi\u00f3n del material y de todas las acciones que tenemos para prevenir, para informarnos y para tratar las enfermedades mentales\u00bb, indic\u00f3 Mariano Cascallares mientras recorr\u00eda los stands y dialogaba con los presentes.<\/p>\n","protected":false},"excerpt":{"rendered":"<p>El intendente de Almirante Brown, Mariano Cascallares, particip\u00f3 este mi\u00e9rcoles 10 de octubre de una jornada realizada en la Plaza<\/p>\n","protected":false},"author":1,"featured_media":19339,"comment_status":"closed","ping_status":"closed","sticky":false,"template":"","format":"standard","meta":{"kia_subtitle":"","footnotes":"","jetpack_publicize_message":"","jetpack_publicize_feature_enabled":true,"jetpack_social_post_already_shared":true,"jetpack_social_options":{"image_generator_settings":{"template":"highway","default_image_id":0,"font":"","enabled":false},"version":2}},"categories":[2,33],"tags":[915,1978],"class_list":["post-19338","post","type-post","status-publish","format-standard","has-post-thumbnail","hentry","category-alte-brown","category-alte-brown-alte-brown","tag-cascallarespj","tag-dia-mundial-de-la-salud-mental"],"jetpack_publicize_connections":[],"jetpack_featured_media_url":"https:\/\/laurbedigital.com.ar\/noticias\/wp-content\/uploads\/2019\/10\/20191010-brown.jpg","_links":{"self":[{"href":"https:\/\/laurbedigital.com.ar\/noticias\/wp-json\/wp\/v2\/posts\/19338","targetHints":{"allow":["GET"]}}],"collection":[{"href":"https:\/\/laurbedigital.com.ar\/noticias\/wp-json\/wp\/v2\/posts"}],"about":[{"href":"https:\/\/laurbedigital.com.ar\/noticias\/wp-json\/wp\/v2\/types\/post"}],"author":[{"embeddable":true,"href":"https:\/\/laurbedigital.com.ar\/noticias\/wp-json\/wp\/v2\/users\/1"}],"replies":[{"embeddable":true,"href":"https:\/\/laurbedigital.com.ar\/noticias\/wp-json\/wp\/v2\/comments?post=19338"}],"version-history":[{"count":1,"href":"https:\/\/laurbedigital.com.ar\/noticias\/wp-json\/wp\/v2\/posts\/19338\/revisions"}],"predecessor-version":[{"id":19340,"href":"https:\/\/laurbedigital.com.ar\/noticias\/wp-json\/wp\/v2\/posts\/19338\/revisions\/19340"}],"wp:featuredmedia":[{"embeddable":true,"href":"https:\/\/laurbedigital.com.ar\/noticias\/wp-json\/wp\/v2\/media\/19339"}],"wp:attachment":[{"href":"https:\/\/laurbedigital.com.ar\/noticias\/wp-json\/wp\/v2\/media?parent=19338"}],"wp:term":[{"taxonomy":"category","embeddable":true,"href":"https:\/\/laurbedigital.com.ar\/noticias\/wp-json\/wp\/v2\/categories?post=19338"},{"taxonomy":"post_tag","embeddable":true,"href":"https:\/\/laurbedigital.com.ar\/noticias\/wp-json\/wp\/v2\/tags?post=19338"}],"curies":[{"name":"wp","href":"https:\/\/api.w.org\/{rel}","templated":true}]}}