{"id":19289,"date":"2019-10-09T16:22:50","date_gmt":"2019-10-09T19:22:50","guid":{"rendered":"http:\/\/laurbedigital.com.ar\/noticias\/?p=19289"},"modified":"2019-10-09T16:22:50","modified_gmt":"2019-10-09T19:22:50","slug":"arcor-adelanta-vacaciones-2-500-empleados","status":"publish","type":"post","link":"https:\/\/laurbedigital.com.ar\/noticias\/2019\/10\/09\/arcor-adelanta-vacaciones-2-500-empleados\/","title":{"rendered":"Arcor adelanta vacaciones a 2.500 empleados"},"content":{"rendered":"<article>\n<div>\n<div data-twitter-link=\"\">\n<p>Arcor\u00a0resolvi\u00f3 adelantar\u00a0vacaciones\u00a0durante las pr\u00f3ximas semanas en cuatro de sus establecimientos productivos.\u00a0La compa\u00f1\u00eda, comandada por\u00a0Luis Pagani, busca sortear la ca\u00edda de ventas liquidando stocks y achicando costos de producci\u00f3n.<\/p>\n<\/div>\n<\/div>\n<\/article>\n<article>\n<div>\n<div data-twitter-link=\"\">\n<p>La medida\u00a0afectar\u00eda a m\u00e1s de 2.500 personas\u00a0de sus plantas ubicadas en Colonia Caroya (C\u00f3rdoba), Villa Mercedes (San Luis), Salto (Buenos Aires) y Tucum\u00e1n.<\/p>\n<p>El acuerdo contempla\u00a0parar las f\u00e1bricas a partir del pr\u00f3ximo 4 de noviembre por dos semanas consecutivas.<\/p>\n<p>Para el resto de sus establecimientos productivos se seguir\u00e1n evaluando los pasos a seguir aunque no se descarta que la medida se extienda en los pr\u00f3ximos d\u00edas a m\u00e1s plantas de producci\u00f3n.<\/p>\n<p>La firma detall\u00f3 que\u00a0durante los primeros ocho meses de este a\u00f1o, sus ventas en el mercado interno cayeron m\u00e1s del 5%.\u00a0Alrededor del 70% de sus ingresos dependen de la Argentina, en un contexto en el que las exportaciones tambi\u00e9n vienen cayendo.<\/p>\n<\/div>\n<\/div>\n<\/article>\n<div><\/div>\n","protected":false},"excerpt":{"rendered":"<p>Arcor\u00a0resolvi\u00f3 adelantar\u00a0vacaciones\u00a0durante las pr\u00f3ximas semanas en cuatro de sus establecimientos productivos.\u00a0La compa\u00f1\u00eda, comandada por\u00a0Luis Pagani, busca sortear la ca\u00edda de<\/p>\n","protected":false},"author":1,"featured_media":19290,"comment_status":"closed","ping_status":"closed","sticky":false,"template":"","format":"standard","meta":{"kia_subtitle":"","footnotes":"","jetpack_publicize_message":"","jetpack_publicize_feature_enabled":true,"jetpack_social_post_already_shared":true,"jetpack_social_options":{"image_generator_settings":{"template":"highway","default_image_id":0,"font":"","enabled":false},"version":2}},"categories":[3,41],"tags":[],"class_list":["post-19289","post","type-post","status-publish","format-standard","has-post-thumbnail","hentry","category-actualidad","category-nacionales"],"jetpack_publicize_connections":[],"jetpack_featured_media_url":"https:\/\/laurbedigital.com.ar\/noticias\/wp-content\/uploads\/2019\/10\/20191010-nac02222.jpg","_links":{"self":[{"href":"https:\/\/laurbedigital.com.ar\/noticias\/wp-json\/wp\/v2\/posts\/19289","targetHints":{"allow":["GET"]}}],"collection":[{"href":"https:\/\/laurbedigital.com.ar\/noticias\/wp-json\/wp\/v2\/posts"}],"about":[{"href":"https:\/\/laurbedigital.com.ar\/noticias\/wp-json\/wp\/v2\/types\/post"}],"author":[{"embeddable":true,"href":"https:\/\/laurbedigital.com.ar\/noticias\/wp-json\/wp\/v2\/users\/1"}],"replies":[{"embeddable":true,"href":"https:\/\/laurbedigital.com.ar\/noticias\/wp-json\/wp\/v2\/comments?post=19289"}],"version-history":[{"count":1,"href":"https:\/\/laurbedigital.com.ar\/noticias\/wp-json\/wp\/v2\/posts\/19289\/revisions"}],"predecessor-version":[{"id":19291,"href":"https:\/\/laurbedigital.com.ar\/noticias\/wp-json\/wp\/v2\/posts\/19289\/revisions\/19291"}],"wp:featuredmedia":[{"embeddable":true,"href":"https:\/\/laurbedigital.com.ar\/noticias\/wp-json\/wp\/v2\/media\/19290"}],"wp:attachment":[{"href":"https:\/\/laurbedigital.com.ar\/noticias\/wp-json\/wp\/v2\/media?parent=19289"}],"wp:term":[{"taxonomy":"category","embeddable":true,"href":"https:\/\/laurbedigital.com.ar\/noticias\/wp-json\/wp\/v2\/categories?post=19289"},{"taxonomy":"post_tag","embeddable":true,"href":"https:\/\/laurbedigital.com.ar\/noticias\/wp-json\/wp\/v2\/tags?post=19289"}],"curies":[{"name":"wp","href":"https:\/\/api.w.org\/{rel}","templated":true}]}}