{"id":19161,"date":"2019-10-03T16:47:05","date_gmt":"2019-10-03T19:47:05","guid":{"rendered":"http:\/\/laurbedigital.com.ar\/noticias\/?p=19161"},"modified":"2019-10-03T16:47:05","modified_gmt":"2019-10-03T19:47:05","slug":"mercado-barrio-estara-todos-los-miercoles-octubre-jose-marmol","status":"publish","type":"post","link":"https:\/\/laurbedigital.com.ar\/noticias\/2019\/10\/03\/mercado-barrio-estara-todos-los-miercoles-octubre-jose-marmol\/","title":{"rendered":"El Mercado en tu Barrio estar\u00e1 todos los mi\u00e9rcoles de octubre en Jos\u00e9 M\u00e1rmol"},"content":{"rendered":"<p>Sigue recorriendo las localidades de Almirante Brown\u00a0 el programa \u201cEl Mercado en tu barrio\u201d\u00a0\u00a0que permite a los vecinos adquirir verduras, frutas, pescados, pastas y pan (entre otros productos comestibles), adem\u00e1s de art\u00edculos de limpieza, a\u00a0precios accesibles.<\/p>\n<p>La feria estar\u00e1 emplazada en la Estaci\u00f3n Jos\u00e9 M\u00e1rmol (Medel y J. Calvo) los mi\u00e9rcoles 2, 9, 16, 22 y 30 de octubre.<\/p>\n<p>&nbsp;<\/p>\n<p>En todos los casos se desarrollar\u00e1 de 9 a 14 hs. Se suspender\u00e1 en casos de lluvia.<\/p>\n","protected":false},"excerpt":{"rendered":"<p>Sigue recorriendo las localidades de Almirante Brown\u00a0 el programa \u201cEl Mercado en tu barrio\u201d\u00a0\u00a0que permite a los vecinos adquirir verduras,<\/p>\n","protected":false},"author":1,"featured_media":19163,"comment_status":"closed","ping_status":"closed","sticky":false,"template":"","format":"standard","meta":{"kia_subtitle":"","footnotes":"","jetpack_publicize_message":"","jetpack_publicize_feature_enabled":true,"jetpack_social_post_already_shared":true,"jetpack_social_options":{"image_generator_settings":{"template":"highway","default_image_id":0,"font":"","enabled":false},"version":2}},"categories":[66,33],"tags":[1611,1949,1154],"class_list":["post-19161","post","type-post","status-publish","format-standard","has-post-thumbnail","hentry","category-interes-2","category-alte-brown-alte-brown","tag-el-mercado-en-tu-barrio-almirante-brown","tag-el-mercado-en-tu-barrio-en-jose-marmol","tag-mas-servicios-en-almirante-brown"],"jetpack_publicize_connections":[],"jetpack_featured_media_url":"https:\/\/laurbedigital.com.ar\/noticias\/wp-content\/uploads\/2019\/10\/20191003-interes.jpg","_links":{"self":[{"href":"https:\/\/laurbedigital.com.ar\/noticias\/wp-json\/wp\/v2\/posts\/19161","targetHints":{"allow":["GET"]}}],"collection":[{"href":"https:\/\/laurbedigital.com.ar\/noticias\/wp-json\/wp\/v2\/posts"}],"about":[{"href":"https:\/\/laurbedigital.com.ar\/noticias\/wp-json\/wp\/v2\/types\/post"}],"author":[{"embeddable":true,"href":"https:\/\/laurbedigital.com.ar\/noticias\/wp-json\/wp\/v2\/users\/1"}],"replies":[{"embeddable":true,"href":"https:\/\/laurbedigital.com.ar\/noticias\/wp-json\/wp\/v2\/comments?post=19161"}],"version-history":[{"count":1,"href":"https:\/\/laurbedigital.com.ar\/noticias\/wp-json\/wp\/v2\/posts\/19161\/revisions"}],"predecessor-version":[{"id":19164,"href":"https:\/\/laurbedigital.com.ar\/noticias\/wp-json\/wp\/v2\/posts\/19161\/revisions\/19164"}],"wp:featuredmedia":[{"embeddable":true,"href":"https:\/\/laurbedigital.com.ar\/noticias\/wp-json\/wp\/v2\/media\/19163"}],"wp:attachment":[{"href":"https:\/\/laurbedigital.com.ar\/noticias\/wp-json\/wp\/v2\/media?parent=19161"}],"wp:term":[{"taxonomy":"category","embeddable":true,"href":"https:\/\/laurbedigital.com.ar\/noticias\/wp-json\/wp\/v2\/categories?post=19161"},{"taxonomy":"post_tag","embeddable":true,"href":"https:\/\/laurbedigital.com.ar\/noticias\/wp-json\/wp\/v2\/tags?post=19161"}],"curies":[{"name":"wp","href":"https:\/\/api.w.org\/{rel}","templated":true}]}}