{"id":19136,"date":"2019-10-02T16:07:08","date_gmt":"2019-10-02T19:07:08","guid":{"rendered":"http:\/\/laurbedigital.com.ar\/noticias\/?p=19136"},"modified":"2019-10-02T16:07:08","modified_gmt":"2019-10-02T19:07:08","slug":"mas-20-mil-pymes-cerraron-tres-anos-medio","status":"publish","type":"post","link":"https:\/\/laurbedigital.com.ar\/noticias\/2019\/10\/02\/mas-20-mil-pymes-cerraron-tres-anos-medio\/","title":{"rendered":"M\u00e1s de 20 mil pymes cerraron en tres a\u00f1os y medio"},"content":{"rendered":"<p>En di\u00e1logo con\u00a0Radio La Nueva, Juan Jos\u00e9 Sisca,\u00a0Secretario Nacional de la\u00a0Asamblea de Peque\u00f1os y Medianos Empresarios (APYME)\u00a0critic\u00f3 duramente el accionar del gobierno de\u00a0Mauricio Macri\u00a0y describi\u00f3 la dif\u00edcil situaci\u00f3n que atraviesa el sector: \u00abLas Pymes muchas cerraron, m\u00e1s de 20 mil en funci\u00f3n de un modelo econ\u00f3mico que no las contempla y que tampoco contempla el mercado interno, que es en el que las pymes nos abastecemos\u00bb.<\/p>\n<p>Sisca manifest\u00f3 que las pol\u00edticas econ\u00f3micas afectan principalmente al jubilado y al trabajador, que son los grandes clientes que compran en las pymes, por lo que sufren una cadena que termina con el\u00a0 cierre y\u00a0 el despido de personas que se quedan en la calle. \u00abLas Pymes empleamos el 75 por ciento del trabajo privado en la Argentina, y producimos casi el 45 por ciento del Producto Bruto Interno, que hoy en una ca\u00edda abrupta de su poder adquisitivo hace que se conforme un c\u00edrculo vicioso, tenemos menos producci\u00f3n y menos venta\u00bb.<\/p>\n<p>El referente sostuvo que el modelo que lleva adelante Cambiemos tiene una ideolog\u00eda y una convicci\u00f3n. Dijo que la pol\u00edtica est\u00e1 direccionada en favor de unos ganadores que est\u00e1n siendo beneficiados como las financieras, las grandes exportadoras y las mineras.<\/p>\n<p>Sisca consider\u00f3 que con este rumbo\u00a0\u201cno hay ning\u00fan horizonte positivo\u201d apunt\u00f3 como principal problema la destrucci\u00f3n del mercado interno, por lo que necesitan una mejor\u00eda en el poder adquisitivo de la ciudadan\u00eda. \u00abEl problema principal que tenemos es la falta de venta, la falta de mercado interno\u00bb\u00a0apunt\u00f3.<\/p>\n<p>Respecto a la promesa del presidente Macri de reducir \u00aba cero\u00bb las contribuciones patronales por cada empleado nuevo que contraten, dijo que\u00a0\u201clas pymes no est\u00e1n en condiciones de incorporar trabajadores porque est\u00e1n funcionando en un 50% y hay m\u00e1s de 20 mil que tuvieron que cerrar sus puertas\u201d.<\/p>\n<p>\u00abEs una buena manera pero en este contexto va a ser inocuo, no tiene sentido. Es una medida electoralista que est\u00e1 planteado para cuando ya no van a gobernar\u00bb se\u00f1al\u00f3.<\/p>\n","protected":false},"excerpt":{"rendered":"<p>En di\u00e1logo con\u00a0Radio La Nueva, Juan Jos\u00e9 Sisca,\u00a0Secretario Nacional de la\u00a0Asamblea de Peque\u00f1os y Medianos Empresarios (APYME)\u00a0critic\u00f3 duramente el accionar<\/p>\n","protected":false},"author":1,"featured_media":19137,"comment_status":"closed","ping_status":"closed","sticky":false,"template":"","format":"standard","meta":{"kia_subtitle":"","footnotes":"","jetpack_publicize_message":"","jetpack_publicize_feature_enabled":true,"jetpack_social_post_already_shared":true,"jetpack_social_options":{"image_generator_settings":{"template":"highway","default_image_id":0,"font":"","enabled":false},"version":2}},"categories":[3,41],"tags":[],"class_list":["post-19136","post","type-post","status-publish","format-standard","has-post-thumbnail","hentry","category-actualidad","category-nacionales"],"jetpack_publicize_connections":[],"jetpack_featured_media_url":"https:\/\/laurbedigital.com.ar\/noticias\/wp-content\/uploads\/2019\/10\/20191002-nac12345.jpg","_links":{"self":[{"href":"https:\/\/laurbedigital.com.ar\/noticias\/wp-json\/wp\/v2\/posts\/19136","targetHints":{"allow":["GET"]}}],"collection":[{"href":"https:\/\/laurbedigital.com.ar\/noticias\/wp-json\/wp\/v2\/posts"}],"about":[{"href":"https:\/\/laurbedigital.com.ar\/noticias\/wp-json\/wp\/v2\/types\/post"}],"author":[{"embeddable":true,"href":"https:\/\/laurbedigital.com.ar\/noticias\/wp-json\/wp\/v2\/users\/1"}],"replies":[{"embeddable":true,"href":"https:\/\/laurbedigital.com.ar\/noticias\/wp-json\/wp\/v2\/comments?post=19136"}],"version-history":[{"count":1,"href":"https:\/\/laurbedigital.com.ar\/noticias\/wp-json\/wp\/v2\/posts\/19136\/revisions"}],"predecessor-version":[{"id":19138,"href":"https:\/\/laurbedigital.com.ar\/noticias\/wp-json\/wp\/v2\/posts\/19136\/revisions\/19138"}],"wp:featuredmedia":[{"embeddable":true,"href":"https:\/\/laurbedigital.com.ar\/noticias\/wp-json\/wp\/v2\/media\/19137"}],"wp:attachment":[{"href":"https:\/\/laurbedigital.com.ar\/noticias\/wp-json\/wp\/v2\/media?parent=19136"}],"wp:term":[{"taxonomy":"category","embeddable":true,"href":"https:\/\/laurbedigital.com.ar\/noticias\/wp-json\/wp\/v2\/categories?post=19136"},{"taxonomy":"post_tag","embeddable":true,"href":"https:\/\/laurbedigital.com.ar\/noticias\/wp-json\/wp\/v2\/tags?post=19136"}],"curies":[{"name":"wp","href":"https:\/\/api.w.org\/{rel}","templated":true}]}}