{"id":19132,"date":"2019-10-02T15:52:34","date_gmt":"2019-10-02T18:52:34","guid":{"rendered":"http:\/\/laurbedigital.com.ar\/noticias\/?p=19132"},"modified":"2019-10-03T16:27:37","modified_gmt":"2019-10-03T19:27:37","slug":"almirante-brown-encabezo-encuentro-municipios-la-region-potenciar-desarrollo-rural","status":"publish","type":"post","link":"https:\/\/laurbedigital.com.ar\/noticias\/2019\/10\/02\/almirante-brown-encabezo-encuentro-municipios-la-region-potenciar-desarrollo-rural\/","title":{"rendered":"Almirante Brown encabez\u00f3 un encuentro con municipios de la regi\u00f3n para potenciar el desarrollo rural"},"content":{"rendered":"<p>El Municipio de Almirante Brown encabez\u00f3 la 4ta edici\u00f3n del Encuentro Regional de Agricultura Urbana, Periurbana y Familiar en el Centro de Formaci\u00f3n Profesional e Innovaci\u00f3n Productiva (CEFIP) en el Parque Industrial de Burzaco.<\/p>\n<p>La jornada, encabezada por la gesti\u00f3n del intendente Mariano Cascallares, tuvo como objetivo principal potenciar el desarrollo de las zonas rurales mediante pol\u00edticas p\u00fablicas orientadas al ordenamiento territorial para abordar los avances y desaf\u00edos de los Municipios del AMBA.<\/p>\n<p>El evento cont\u00f3 con la participaci\u00f3n de representantes y funcionarios de los municipios de Florencio Varela, Ca\u00f1uelas, Moreno, Marcos Paz, Merlo y La Matanza y de Universidades como la UBA, Lomas de Zamora, La Plata, Arturo Jauretche \u00a0y Luj\u00e1n, entre otras.<\/p>\n<p>En este sentido, se avanz\u00f3 con acuerdos y articulaciones y se form\u00f3 una agenda de trabajo con el desaf\u00edo de pensar un desarrollo con inclusi\u00f3n para las \u00e1reas rurales de los distintos municipios.<\/p>\n<p>El intendente Mariano Cascallares sostuvo en este marco que \u201ctodo el espacio rural es una oportunidad que tenemos y debemos desarrollarlo\u201d. \u201cEs realmente importante pensar las oportunidades que se generan en esa zona, en funci\u00f3n del trabajo y la producci\u00f3n, m\u00e1s all\u00e1 de las fronteras de nuestro distrito y abordarlo de manera regional\u201d, agreg\u00f3.<\/p>\n","protected":false},"excerpt":{"rendered":"<p>El Municipio de Almirante Brown encabez\u00f3 la 4ta edici\u00f3n del Encuentro Regional de Agricultura Urbana, Periurbana y Familiar en el<\/p>\n","protected":false},"author":1,"featured_media":19134,"comment_status":"closed","ping_status":"closed","sticky":false,"template":"","format":"standard","meta":{"kia_subtitle":"","footnotes":"","jetpack_publicize_message":"","jetpack_publicize_feature_enabled":true,"jetpack_social_post_already_shared":true,"jetpack_social_options":{"image_generator_settings":{"template":"highway","default_image_id":0,"font":"","enabled":false},"version":2}},"categories":[33,66],"tags":[],"class_list":["post-19132","post","type-post","status-publish","format-standard","has-post-thumbnail","hentry","category-alte-brown-alte-brown","category-interes-2"],"jetpack_publicize_connections":[],"jetpack_featured_media_url":"https:\/\/laurbedigital.com.ar\/noticias\/wp-content\/uploads\/2019\/10\/20191002-brown1234-1.jpg","_links":{"self":[{"href":"https:\/\/laurbedigital.com.ar\/noticias\/wp-json\/wp\/v2\/posts\/19132","targetHints":{"allow":["GET"]}}],"collection":[{"href":"https:\/\/laurbedigital.com.ar\/noticias\/wp-json\/wp\/v2\/posts"}],"about":[{"href":"https:\/\/laurbedigital.com.ar\/noticias\/wp-json\/wp\/v2\/types\/post"}],"author":[{"embeddable":true,"href":"https:\/\/laurbedigital.com.ar\/noticias\/wp-json\/wp\/v2\/users\/1"}],"replies":[{"embeddable":true,"href":"https:\/\/laurbedigital.com.ar\/noticias\/wp-json\/wp\/v2\/comments?post=19132"}],"version-history":[{"count":1,"href":"https:\/\/laurbedigital.com.ar\/noticias\/wp-json\/wp\/v2\/posts\/19132\/revisions"}],"predecessor-version":[{"id":19135,"href":"https:\/\/laurbedigital.com.ar\/noticias\/wp-json\/wp\/v2\/posts\/19132\/revisions\/19135"}],"wp:featuredmedia":[{"embeddable":true,"href":"https:\/\/laurbedigital.com.ar\/noticias\/wp-json\/wp\/v2\/media\/19134"}],"wp:attachment":[{"href":"https:\/\/laurbedigital.com.ar\/noticias\/wp-json\/wp\/v2\/media?parent=19132"}],"wp:term":[{"taxonomy":"category","embeddable":true,"href":"https:\/\/laurbedigital.com.ar\/noticias\/wp-json\/wp\/v2\/categories?post=19132"},{"taxonomy":"post_tag","embeddable":true,"href":"https:\/\/laurbedigital.com.ar\/noticias\/wp-json\/wp\/v2\/tags?post=19132"}],"curies":[{"name":"wp","href":"https:\/\/api.w.org\/{rel}","templated":true}]}}