{"id":19128,"date":"2019-10-02T15:40:18","date_gmt":"2019-10-02T18:40:18","guid":{"rendered":"http:\/\/laurbedigital.com.ar\/noticias\/?p=19128"},"modified":"2019-10-02T15:40:18","modified_gmt":"2019-10-02T18:40:18","slug":"adrogue-te-cuentos-la-cucaracha","status":"publish","type":"post","link":"https:\/\/laurbedigital.com.ar\/noticias\/2019\/10\/02\/adrogue-te-cuentos-la-cucaracha\/","title":{"rendered":"Adrogu\u00e9, te con cuentos en la Cucaracha"},"content":{"rendered":"<p>El grupo El Sur narra una vez m\u00e1s se convoc\u00f3 el \u00faltimo domingo, a una tarde de cuentos y t\u00e9 caliente en el Edificio Hist\u00f3rico \u201cLa Cucaracha\u201d d\u00e1ndole forma a una maravillosa tarde de cuentos, merienda y charla.<\/p>\n<p>Participaron, con la direcci\u00f3n de Marisa Brondo: Mar\u00eda Del Carmen Baldor: poema \u201cSetenta balcones y ninguna flor\u201d de Baldomero Fern\u00e1ndez Moreno; M\u00f3nica Rocca \u201cDestino de mujer\u201d de Roberto Fontanarosa; Lupe D\u00edaz: \u201cLa Mano\u201d de Ram\u00f3n Gim\u00e9nez de la Serna; Ruth Saiki: \u201cLa Cita\u201d de Edgardo Gim\u00e9nez Romero; Ger\u00f3nimo Ocampo: \u201cEl Hombre que aprendi\u00f3 a ladrar\u201d de Mario Benedetti; Ada Magani: \u201cLos Guantes\u201d de Magdalena Ruiz Gui\u00f1az\u00fa; Laura N\u00fa\u00f1ez: \u201cEn Cuotas sin Inter\u00e9s\u201d de Anahuarqui Brizuela y Marisa Brondo: \u201cLa Partera\u201d<\/p>\n","protected":false},"excerpt":{"rendered":"<p>El grupo El Sur narra una vez m\u00e1s se convoc\u00f3 el \u00faltimo domingo, a una tarde de cuentos y t\u00e9<\/p>\n","protected":false},"author":1,"featured_media":19130,"comment_status":"closed","ping_status":"closed","sticky":false,"template":"","format":"standard","meta":{"kia_subtitle":"","footnotes":"","jetpack_publicize_message":"","jetpack_publicize_feature_enabled":true,"jetpack_social_post_already_shared":true,"jetpack_social_options":{"image_generator_settings":{"template":"highway","default_image_id":0,"font":"","enabled":false},"version":2}},"categories":[5],"tags":[],"class_list":["post-19128","post","type-post","status-publish","format-standard","has-post-thumbnail","hentry","category-cultura"],"jetpack_publicize_connections":[],"jetpack_featured_media_url":"https:\/\/laurbedigital.com.ar\/noticias\/wp-content\/uploads\/2019\/10\/20191002-cultura.jpg","_links":{"self":[{"href":"https:\/\/laurbedigital.com.ar\/noticias\/wp-json\/wp\/v2\/posts\/19128","targetHints":{"allow":["GET"]}}],"collection":[{"href":"https:\/\/laurbedigital.com.ar\/noticias\/wp-json\/wp\/v2\/posts"}],"about":[{"href":"https:\/\/laurbedigital.com.ar\/noticias\/wp-json\/wp\/v2\/types\/post"}],"author":[{"embeddable":true,"href":"https:\/\/laurbedigital.com.ar\/noticias\/wp-json\/wp\/v2\/users\/1"}],"replies":[{"embeddable":true,"href":"https:\/\/laurbedigital.com.ar\/noticias\/wp-json\/wp\/v2\/comments?post=19128"}],"version-history":[{"count":1,"href":"https:\/\/laurbedigital.com.ar\/noticias\/wp-json\/wp\/v2\/posts\/19128\/revisions"}],"predecessor-version":[{"id":19131,"href":"https:\/\/laurbedigital.com.ar\/noticias\/wp-json\/wp\/v2\/posts\/19128\/revisions\/19131"}],"wp:featuredmedia":[{"embeddable":true,"href":"https:\/\/laurbedigital.com.ar\/noticias\/wp-json\/wp\/v2\/media\/19130"}],"wp:attachment":[{"href":"https:\/\/laurbedigital.com.ar\/noticias\/wp-json\/wp\/v2\/media?parent=19128"}],"wp:term":[{"taxonomy":"category","embeddable":true,"href":"https:\/\/laurbedigital.com.ar\/noticias\/wp-json\/wp\/v2\/categories?post=19128"},{"taxonomy":"post_tag","embeddable":true,"href":"https:\/\/laurbedigital.com.ar\/noticias\/wp-json\/wp\/v2\/tags?post=19128"}],"curies":[{"name":"wp","href":"https:\/\/api.w.org\/{rel}","templated":true}]}}