{"id":19009,"date":"2019-09-25T16:37:10","date_gmt":"2019-09-25T19:37:10","guid":{"rendered":"http:\/\/laurbedigital.com.ar\/noticias\/?p=19009"},"modified":"2019-09-25T16:40:58","modified_gmt":"2019-09-25T19:40:58","slug":"familiares-nahuel-zacarias-muerto-tras-intento-robo-bernal-marchan-pedir-justicia","status":"publish","type":"post","link":"https:\/\/laurbedigital.com.ar\/noticias\/2019\/09\/25\/familiares-nahuel-zacarias-muerto-tras-intento-robo-bernal-marchan-pedir-justicia\/","title":{"rendered":"Familiares de Nahuel Zacar\u00edas muerto tras un intento de robo en Bernal marchan para pedir justicia"},"content":{"rendered":"<p>Familiares y amigos de Nahuel Zacar\u00edas, el joven de 23 a\u00f1os que muri\u00f3 al chocar su moto contra una columna cuando quiso evitar que un ladr\u00f3n le robara en la autopista Buenos Aires-La Plata, a la altura de la localidad bonaerense de Bernal, marchar\u00e1n hoy para reclamar Justicia y pedir que eventuales testigos del hecho se presenten a declarar en la causa.<\/p>\n<p>\u00abNahuel era pap\u00e1 de Catalina de dos meses y era un chico muy trabajador, estaba muy atento a su familia y a su mujer. Lo que estamos pidiendo es justicia para \u00e9l\u00bb, expres\u00f3 hoy su prima Florencia, previo al inicio de la movilizaci\u00f3n -prevista para las 9- en la zona conocida como \u00abEl Tri\u00e1ngulo de Bernal\u00bb.<\/p>\n<p>\u00abPedimos Justicia -agreg\u00f3 la mujer-, mi primo estaba volviendo de su trabajo para reunirse con su familia y lo atacaron as\u00ed. Sabemos que estos lugares son muy peligrosos, pero tom\u00f3 ese camino para llegar r\u00e1pido a su casa\u00bb.<\/p>\n<p>Florencia cont\u00f3 a la prensa que sabe por dichos de vecinos que en esa zona \u00absiempre tiran piedras a los autos\u00bb, por lo que consider\u00f3 que deber\u00eda cerrar con alambrado ese tramo de la autopista para evitar ataques de los delincuentes.<\/p>\n<p>Adem\u00e1s, la mujer pidi\u00f3 que si alguien vio lo que sucedi\u00f3 con Nahuel se presente a declarar: \u00abLas personas que hayan visto algo, aunque sea algo m\u00ednimo, la ropa del delincuente, algo de lo que pas\u00f3, que se presenten e a la fiscal\u00eda para ayudar a que no le pase a otra persona lo mismo\u00bb.<\/p>\n<p>El hecho ocurri\u00f3 la noche del domingo pasado cuando Zacar\u00edas circulaba a bordo de su motocicleta por la autopista Buenos Aires-La Plata en direcci\u00f3n a Bernal, tras salir de su trabajo en un local de ropa del Abasto Shopping.<\/p>\n<p>Al tomar el acceso Sudeste y luego de descender en la zona conocida como \u00abEl Tri\u00e1ngulo de Bernal\u00bb, un delincuente con intenciones de robo se abalanz\u00f3 sobre \u00e9l y le hizo un adem\u00e1n con las manos, en un aparente intento de golpearlo con una piedra con fines de robo.<\/p>\n<p>Ante ello, el motociclista intent\u00f3 evitar el asalto y choc\u00f3 contra una columna de concreto, por lo que result\u00f3 gravemente herido y fue internado en el hospital Iriarte, de Quilmes, donde muri\u00f3 la noche del lunes \u00faltimo.<\/p>\n<p>La causa est\u00e1 a cargo de la fiscal Ximena Santoro, a cargo de la Unidad Funcional de Instrucci\u00f3n (UFI) 7 del Departamento Judicial de Quilmes, quien caratul\u00f3 la causa como \u00abhomicidio preterintencional\u00bb y orden\u00f3 una serie de medidas, como el relevo de las c\u00e1maras de seguridad de la zona, con el objetivo de identificar al asaltante.<\/p>\n","protected":false},"excerpt":{"rendered":"<p>Familiares y amigos de Nahuel Zacar\u00edas, el joven de 23 a\u00f1os que muri\u00f3 al chocar su moto contra una columna<\/p>\n","protected":false},"author":1,"featured_media":19010,"comment_status":"closed","ping_status":"closed","sticky":false,"template":"","format":"standard","meta":{"kia_subtitle":"","footnotes":"","jetpack_publicize_message":"","jetpack_publicize_feature_enabled":true,"jetpack_social_post_already_shared":true,"jetpack_social_options":{"image_generator_settings":{"template":"highway","default_image_id":0,"font":"","enabled":false},"version":2}},"categories":[8],"tags":[],"class_list":["post-19009","post","type-post","status-publish","format-standard","has-post-thumbnail","hentry","category-policiales"],"jetpack_publicize_connections":[],"jetpack_featured_media_url":"https:\/\/laurbedigital.com.ar\/noticias\/wp-content\/uploads\/2019\/09\/20190925-policial102-2.jpg","_links":{"self":[{"href":"https:\/\/laurbedigital.com.ar\/noticias\/wp-json\/wp\/v2\/posts\/19009","targetHints":{"allow":["GET"]}}],"collection":[{"href":"https:\/\/laurbedigital.com.ar\/noticias\/wp-json\/wp\/v2\/posts"}],"about":[{"href":"https:\/\/laurbedigital.com.ar\/noticias\/wp-json\/wp\/v2\/types\/post"}],"author":[{"embeddable":true,"href":"https:\/\/laurbedigital.com.ar\/noticias\/wp-json\/wp\/v2\/users\/1"}],"replies":[{"embeddable":true,"href":"https:\/\/laurbedigital.com.ar\/noticias\/wp-json\/wp\/v2\/comments?post=19009"}],"version-history":[{"count":1,"href":"https:\/\/laurbedigital.com.ar\/noticias\/wp-json\/wp\/v2\/posts\/19009\/revisions"}],"predecessor-version":[{"id":19011,"href":"https:\/\/laurbedigital.com.ar\/noticias\/wp-json\/wp\/v2\/posts\/19009\/revisions\/19011"}],"wp:featuredmedia":[{"embeddable":true,"href":"https:\/\/laurbedigital.com.ar\/noticias\/wp-json\/wp\/v2\/media\/19010"}],"wp:attachment":[{"href":"https:\/\/laurbedigital.com.ar\/noticias\/wp-json\/wp\/v2\/media?parent=19009"}],"wp:term":[{"taxonomy":"category","embeddable":true,"href":"https:\/\/laurbedigital.com.ar\/noticias\/wp-json\/wp\/v2\/categories?post=19009"},{"taxonomy":"post_tag","embeddable":true,"href":"https:\/\/laurbedigital.com.ar\/noticias\/wp-json\/wp\/v2\/tags?post=19009"}],"curies":[{"name":"wp","href":"https:\/\/api.w.org\/{rel}","templated":true}]}}