{"id":19005,"date":"2019-09-25T16:28:59","date_gmt":"2019-09-25T19:28:59","guid":{"rendered":"http:\/\/laurbedigital.com.ar\/noticias\/?p=19005"},"modified":"2019-09-25T16:28:59","modified_gmt":"2019-09-25T19:28:59","slug":"brown-camano-encabezo-encuentros-industriales-panaderos-dirigentes","status":"publish","type":"post","link":"https:\/\/laurbedigital.com.ar\/noticias\/2019\/09\/25\/brown-camano-encabezo-encuentros-industriales-panaderos-dirigentes\/","title":{"rendered":"En Brown, Cama\u00f1o encabez\u00f3 encuentros con industriales, panaderos y dirigentes"},"content":{"rendered":"<p>La primera candidata a diputada nacional de Consenso Federal recorri\u00f3 Longchamps y Calzada, donde se interioriz\u00f3 sobre la problem\u00e1tica de empresas y comercios. La acompa\u00f1aron los postulantes a vicegobernador, Miguel Saredi; a intendente Jorge Herrero Pons; y a primer concejal, Mario Fuentes; entre otros. La jornada culmin\u00f3 con una reuni\u00f3n en el local central del espacio, donde reclamaron un fuerte giro en la pol\u00edtica econ\u00f3mica y social de la Argentina.<\/p>\n<p>La fuerza pol\u00edtica que lidera Roberto Lavagna, toma impulso de cara a las elecciones generales del 27 de octubre. La candidata a primer diputada nacional, Graciela Cama\u00f1o, visit\u00f3 la metal\u00fargica Alpes en el Parque Industrial de Almirante Brown y all\u00ed mantuvo una reuni\u00f3n con empresarios y trabajadores.<\/p>\n<p>Lo hizo junto a los postulantes a la Intendencia, Jorge Herrero Pons; y los candidatos locales Mario Fuentes, Virginia Caballero, Daniel Fagaburu, Daniela Gonz\u00e1lez, Juan Pedro Aquino y Eduardo Su\u00e9naga; entre otros.<\/p>\n<p>La f\u00e1brica de Nicol\u00e1s Felici, que funciona hace 50 a\u00f1os y desde hace dos d\u00e9cadas que est\u00e1 instalada en el distrito, se dedica a la fundici\u00f3n y refinaci\u00f3n de lat\u00f3n en lingotes.<\/p>\n<p>All\u00ed Cama\u00f1o destac\u00f3 la importancia de poner de pie a la industria para sacar adelante al pa\u00eds. \u201cNecesitamos llevar adelante medidas econ\u00f3micas acertadas, como las propuestas por Lavagna en 2001, para lograr salir de esta crisis\u201d, expres\u00f3.<\/p>\n<p>Por su parte, Fuentes manifest\u00f3 el rechazo al vaciamiento de la empresa Ran Bat, instalada en Burzaco, que durante la ma\u00f1ana del martes cerr\u00f3 nuevamente sus puertas. \u201cLos empleados denunciaron el vaciamiento. Es terrible lo que sucede, nos duele esta situaci\u00f3n, que arrebaten el sustento y la dignidad de 35 familias\u201d, se\u00f1al\u00f3.<\/p>\n<p>Con integrantes de la Comisi\u00f3n de Industriales, dialogaron sobre la problem\u00e1tica que enfrenta el sector productivo, en medio del grave contexto socio econ\u00f3mico del pa\u00eds.<\/p>\n<p>Luego, el recorrido continu\u00f3 en la Panader\u00eda \u201cSan Antonio\u201d, ubicada en Rafael Calzada. All\u00ed, junto al candidato a vice gobernador, Miguel Saredi, mantuvieron un encuentro con comerciantes panaderos del distrito, quienes expresaron su preocupaci\u00f3n por la fuerte baja en el consumo, el aumento de las tarifas y la inseguridad que sufren a diario.<\/p>\n<p>\u201cTuvimos que cerrar el horno que funcionaba en esta panader\u00eda y cocinar el pan en el local de mi hija, porque nos ven\u00edan 50 mil pesos de gas. Para nosotros era impagable\u201d, expres\u00f3 el due\u00f1o del comercio.<\/p>\n","protected":false},"excerpt":{"rendered":"<p>La primera candidata a diputada nacional de Consenso Federal recorri\u00f3 Longchamps y Calzada, donde se interioriz\u00f3 sobre la problem\u00e1tica de<\/p>\n","protected":false},"author":1,"featured_media":19007,"comment_status":"closed","ping_status":"closed","sticky":false,"template":"","format":"standard","meta":{"kia_subtitle":"","footnotes":"","jetpack_publicize_message":"","jetpack_publicize_feature_enabled":true,"jetpack_social_post_already_shared":true,"jetpack_social_options":{"image_generator_settings":{"template":"highway","default_image_id":0,"font":"","enabled":false},"version":2}},"categories":[3,56],"tags":[],"class_list":["post-19005","post","type-post","status-publish","format-standard","has-post-thumbnail","hentry","category-actualidad","category-buenos-aires"],"jetpack_publicize_connections":[],"jetpack_featured_media_url":"https:\/\/laurbedigital.com.ar\/noticias\/wp-content\/uploads\/2019\/09\/20190925-actu102-2.jpg","_links":{"self":[{"href":"https:\/\/laurbedigital.com.ar\/noticias\/wp-json\/wp\/v2\/posts\/19005","targetHints":{"allow":["GET"]}}],"collection":[{"href":"https:\/\/laurbedigital.com.ar\/noticias\/wp-json\/wp\/v2\/posts"}],"about":[{"href":"https:\/\/laurbedigital.com.ar\/noticias\/wp-json\/wp\/v2\/types\/post"}],"author":[{"embeddable":true,"href":"https:\/\/laurbedigital.com.ar\/noticias\/wp-json\/wp\/v2\/users\/1"}],"replies":[{"embeddable":true,"href":"https:\/\/laurbedigital.com.ar\/noticias\/wp-json\/wp\/v2\/comments?post=19005"}],"version-history":[{"count":1,"href":"https:\/\/laurbedigital.com.ar\/noticias\/wp-json\/wp\/v2\/posts\/19005\/revisions"}],"predecessor-version":[{"id":19008,"href":"https:\/\/laurbedigital.com.ar\/noticias\/wp-json\/wp\/v2\/posts\/19005\/revisions\/19008"}],"wp:featuredmedia":[{"embeddable":true,"href":"https:\/\/laurbedigital.com.ar\/noticias\/wp-json\/wp\/v2\/media\/19007"}],"wp:attachment":[{"href":"https:\/\/laurbedigital.com.ar\/noticias\/wp-json\/wp\/v2\/media?parent=19005"}],"wp:term":[{"taxonomy":"category","embeddable":true,"href":"https:\/\/laurbedigital.com.ar\/noticias\/wp-json\/wp\/v2\/categories?post=19005"},{"taxonomy":"post_tag","embeddable":true,"href":"https:\/\/laurbedigital.com.ar\/noticias\/wp-json\/wp\/v2\/tags?post=19005"}],"curies":[{"name":"wp","href":"https:\/\/api.w.org\/{rel}","templated":true}]}}