{"id":18951,"date":"2019-09-23T12:52:59","date_gmt":"2019-09-23T15:52:59","guid":{"rendered":"http:\/\/laurbedigital.com.ar\/noticias\/?p=18951"},"modified":"2019-09-23T12:54:02","modified_gmt":"2019-09-23T15:54:02","slug":"hombre-le-dijo-miau-macri-apelara-fallo","status":"publish","type":"post","link":"https:\/\/laurbedigital.com.ar\/noticias\/2019\/09\/23\/hombre-le-dijo-miau-macri-apelara-fallo\/","title":{"rendered":"El hombre que le dijo \u00abMIAU\u00bb a Macri apelar\u00e1 el fallo en su contra"},"content":{"rendered":"<article>\n<div>\n<div data-twitter-link=\"\">\n<p>El dise\u00f1ador gr\u00e1fico, Ariel Horton, apelar\u00e1 el fallo en su contra y su caso podr\u00eda ser tratado en la Corte Suprema de Justicia de la Naci\u00f3n.<\/p>\n<\/div>\n<\/div>\n<\/article>\n<article>\n<div>\n<div data-twitter-link=\"\">\n<p>El hombre en el 2017 trabajaba en Interpublic, una subcontratista de General Motors, y en el marco del Sal\u00f3n Internacional del Autom\u00f3vil de Buenos Aires, le dijo \u00abMIAU\u00bb al presidente Mauricio Macri.<\/p>\n<p>Luego de ese cruce con el mandatario, Horton fue despedido por \u00abp\u00e9rdida de confianza\u00bb sin recibir indemnizaci\u00f3n.<\/p>\n<p>Despu\u00e9s el caso fue llevado a la Justicia, donde la sentencia judical fall\u00f3 en contra del dise\u00f1ador gr\u00e1fico, ya que se prioriz\u00f3 la investidura presidencial y consider\u00f3 el \u00abmiau\u00bb del hombre como un agravante.<\/p>\n<p>Por su parte, Horton se defendi\u00f3 en una entrevista con P\u00e1gina 12, en donde asegur\u00f3 \u00abno lo quer\u00eda agredir pero tampoco iba a estar tranquilo conmigo mismo si dejaba que caminara, como si nada pasara, el responsable de un Gobierno negacionista que habl\u00f3 del \u2018curro de los Derechos Humanos\u2019\u201d.<\/p>\n<p>Asimismo, expres\u00f3 \u00abestaba movilizado por tener que cruzarme con un tipo que discut\u00eda el n\u00famero de desaparecidos, que hablaba del curro de los Derechos Humanos. Recordemos tambi\u00e9n que Elisa Carri\u00f3, miembro del gobierno, ped\u00eda prisi\u00f3n domiciliaria para los pobres viejitos genocidas. Era un combo. Y yo hac\u00eda relativamente poco tiempo hab\u00eda recibido el legajo \u201creparado\u201d del laburo de mi viejo, que era ferroviario. En el legajo de su empresa hasta ese momento figuraba \u201cabandono del puesto de trabajo\u201d.<\/p>\n<p>Por \u00faltimo, Horton advirti\u00f3 que si la Corte Suprema rechaza su apelaci\u00f3n, se dirigir\u00e1 a la Comisi\u00f3n Interamericana de Derechos Humanos (CIDH).<\/p>\n<\/div>\n<\/div>\n<\/article>\n<div>\n<div id=\"div-gpt-ad-1567020669834-0\"><\/div>\n<\/div>\n","protected":false},"excerpt":{"rendered":"<p>El dise\u00f1ador gr\u00e1fico, Ariel Horton, apelar\u00e1 el fallo en su contra y su caso podr\u00eda ser tratado en la Corte<\/p>\n","protected":false},"author":1,"featured_media":18950,"comment_status":"closed","ping_status":"closed","sticky":false,"template":"","format":"standard","meta":{"kia_subtitle":"","footnotes":"","jetpack_publicize_message":"","jetpack_publicize_feature_enabled":true,"jetpack_social_post_already_shared":true,"jetpack_social_options":{"image_generator_settings":{"template":"highway","default_image_id":0,"font":"","enabled":false},"version":2}},"categories":[3],"tags":[],"class_list":["post-18951","post","type-post","status-publish","format-standard","has-post-thumbnail","hentry","category-actualidad"],"jetpack_publicize_connections":[],"jetpack_featured_media_url":"https:\/\/laurbedigital.com.ar\/noticias\/wp-content\/uploads\/2019\/09\/20190922-nac102.jpg","_links":{"self":[{"href":"https:\/\/laurbedigital.com.ar\/noticias\/wp-json\/wp\/v2\/posts\/18951","targetHints":{"allow":["GET"]}}],"collection":[{"href":"https:\/\/laurbedigital.com.ar\/noticias\/wp-json\/wp\/v2\/posts"}],"about":[{"href":"https:\/\/laurbedigital.com.ar\/noticias\/wp-json\/wp\/v2\/types\/post"}],"author":[{"embeddable":true,"href":"https:\/\/laurbedigital.com.ar\/noticias\/wp-json\/wp\/v2\/users\/1"}],"replies":[{"embeddable":true,"href":"https:\/\/laurbedigital.com.ar\/noticias\/wp-json\/wp\/v2\/comments?post=18951"}],"version-history":[{"count":1,"href":"https:\/\/laurbedigital.com.ar\/noticias\/wp-json\/wp\/v2\/posts\/18951\/revisions"}],"predecessor-version":[{"id":18952,"href":"https:\/\/laurbedigital.com.ar\/noticias\/wp-json\/wp\/v2\/posts\/18951\/revisions\/18952"}],"wp:featuredmedia":[{"embeddable":true,"href":"https:\/\/laurbedigital.com.ar\/noticias\/wp-json\/wp\/v2\/media\/18950"}],"wp:attachment":[{"href":"https:\/\/laurbedigital.com.ar\/noticias\/wp-json\/wp\/v2\/media?parent=18951"}],"wp:term":[{"taxonomy":"category","embeddable":true,"href":"https:\/\/laurbedigital.com.ar\/noticias\/wp-json\/wp\/v2\/categories?post=18951"},{"taxonomy":"post_tag","embeddable":true,"href":"https:\/\/laurbedigital.com.ar\/noticias\/wp-json\/wp\/v2\/tags?post=18951"}],"curies":[{"name":"wp","href":"https:\/\/api.w.org\/{rel}","templated":true}]}}