{"id":18886,"date":"2019-09-18T19:01:39","date_gmt":"2019-09-18T22:01:39","guid":{"rendered":"http:\/\/laurbedigital.com.ar\/noticias\/?p=18886"},"modified":"2019-09-18T19:01:39","modified_gmt":"2019-09-18T22:01:39","slug":"manana-paran-los-docentes-pais","status":"publish","type":"post","link":"https:\/\/laurbedigital.com.ar\/noticias\/2019\/09\/18\/manana-paran-los-docentes-pais\/","title":{"rendered":"Ma\u00f1ana paran los docentes en todo el pa\u00eds"},"content":{"rendered":"<div class=\"newsfull__excerpt\">\n<p>Lo anunci\u00f3 el gremio CTERA tras la muerte de dos maestras en un accidente cuando regresaban a Comodoro Rivadavia despu\u00e9s de participar de una protesta a Rawson. Todos los gremios adhieren.<\/p>\n<p>La\u00a0Confederaci\u00f3n de Trabajadores de la Educaci\u00f3n anunci\u00f3 un\u00a0paro docente en todo el pa\u00eds para ma\u00f1ana jueves. La medida de fuerza, en base a la jornada de luto que desarrollar\u00e1n, fue resuelta tras el fallecimiento de dos docentes chubutenses en ruta 3, cuando regresaban de una protesta.<\/p>\n<p>La\u00a0situaci\u00f3n en esa provincia patag\u00f3nica es muy cr\u00edtica\u00a0ya que hace semanas el sector p\u00fablico est\u00e1 paralizado en medio de movilizaciones y huelgas por el atraso en el pago de salarios.<\/p>\n<p>En conferencia de prensa, la dirigente gremial anunci\u00f3 la medida de fuerza y lament\u00f3 la muerte de las docentes\u00a0Jorgelina Ruiz D\u00edaz, de 52 a\u00f1os, y\u00a0Mar\u00eda Cristina Aguilar, de 55, quienes hab\u00edan participado de una de las protestas en Rawson y regresaban a Comodoro Rivadavia.<\/p>\n<p>Se trata del segundo paro nacional convocado en reclamo de la situaci\u00f3n que atraviesan los docentes en Chubut: el primero hab\u00eda sido el jueves 5 de septiembre, en solidaridad con los maestros de Chubut que hab\u00edan sido agredidos en la madrugada del d\u00eda anterior, cuando realizaban un reclamo salarial en el cruce de las rutas 3 y 26.<\/p>\n<p>\u00abVenimos advirtiendo hace tiempo sobre la gravedad del conflicto y la inacci\u00f3n y falta de respuesta del gobierno provincial y nacional\u00bb, afirm\u00f3 Alesso .\u00bbTiene que haber una resoluci\u00f3n. Hay leyes que protegen y dan respuesta. Lo hacemos en el marco de un pedido de paz\u00bb,\u00a0a\u00f1adi\u00f3 la dirigente sindical.<\/p>\n<p>Por su parte,\u00a0Roberto Baradel\u00a0\u00a0pidi\u00f3 al presidente Mauricio Macri y al gobernador de Chubut, Mariano Arcioni, \u00abque resuelvan este conflicto ya mismo\u00bb. Adem\u00e1s, dijo que es \u00abinadmisible e inoportuno\u00bb que en \u00abeste contexto\u00bb Arcioni haya presentado un\u00a0proyecto de ley para aumentarse un 100% el salario.<\/p>\n<\/div>\n","protected":false},"excerpt":{"rendered":"<p>Lo anunci\u00f3 el gremio CTERA tras la muerte de dos maestras en un accidente cuando regresaban a Comodoro Rivadavia despu\u00e9s<\/p>\n","protected":false},"author":1,"featured_media":18887,"comment_status":"closed","ping_status":"closed","sticky":false,"template":"","format":"standard","meta":{"kia_subtitle":"","footnotes":"","jetpack_publicize_message":"","jetpack_publicize_feature_enabled":true,"jetpack_social_post_already_shared":true,"jetpack_social_options":{"image_generator_settings":{"template":"highway","default_image_id":0,"font":"","enabled":false},"version":2}},"categories":[3,41],"tags":[1904,1903,1902],"class_list":["post-18886","post","type-post","status-publish","format-standard","has-post-thumbnail","hentry","category-actualidad","category-nacionales","tag-ctera","tag-docentes-chubut","tag-paro-nacional-docente"],"jetpack_publicize_connections":[],"jetpack_featured_media_url":"https:\/\/laurbedigital.com.ar\/noticias\/wp-content\/uploads\/2019\/09\/20190918-nac.jpg","_links":{"self":[{"href":"https:\/\/laurbedigital.com.ar\/noticias\/wp-json\/wp\/v2\/posts\/18886","targetHints":{"allow":["GET"]}}],"collection":[{"href":"https:\/\/laurbedigital.com.ar\/noticias\/wp-json\/wp\/v2\/posts"}],"about":[{"href":"https:\/\/laurbedigital.com.ar\/noticias\/wp-json\/wp\/v2\/types\/post"}],"author":[{"embeddable":true,"href":"https:\/\/laurbedigital.com.ar\/noticias\/wp-json\/wp\/v2\/users\/1"}],"replies":[{"embeddable":true,"href":"https:\/\/laurbedigital.com.ar\/noticias\/wp-json\/wp\/v2\/comments?post=18886"}],"version-history":[{"count":1,"href":"https:\/\/laurbedigital.com.ar\/noticias\/wp-json\/wp\/v2\/posts\/18886\/revisions"}],"predecessor-version":[{"id":18888,"href":"https:\/\/laurbedigital.com.ar\/noticias\/wp-json\/wp\/v2\/posts\/18886\/revisions\/18888"}],"wp:featuredmedia":[{"embeddable":true,"href":"https:\/\/laurbedigital.com.ar\/noticias\/wp-json\/wp\/v2\/media\/18887"}],"wp:attachment":[{"href":"https:\/\/laurbedigital.com.ar\/noticias\/wp-json\/wp\/v2\/media?parent=18886"}],"wp:term":[{"taxonomy":"category","embeddable":true,"href":"https:\/\/laurbedigital.com.ar\/noticias\/wp-json\/wp\/v2\/categories?post=18886"},{"taxonomy":"post_tag","embeddable":true,"href":"https:\/\/laurbedigital.com.ar\/noticias\/wp-json\/wp\/v2\/tags?post=18886"}],"curies":[{"name":"wp","href":"https:\/\/api.w.org\/{rel}","templated":true}]}}