{"id":18854,"date":"2019-09-17T14:38:52","date_gmt":"2019-09-17T17:38:52","guid":{"rendered":"http:\/\/laurbedigital.com.ar\/noticias\/?p=18854"},"modified":"2019-09-17T14:38:52","modified_gmt":"2019-09-17T17:38:52","slug":"cascallares-junto-ex-combatientes-brownianos-regresaron-malvinas","status":"publish","type":"post","link":"https:\/\/laurbedigital.com.ar\/noticias\/2019\/09\/17\/cascallares-junto-ex-combatientes-brownianos-regresaron-malvinas\/","title":{"rendered":"Cascallares junto a ex combatientes brownianos que regresaron a Malvinas"},"content":{"rendered":"<p>Colmados de emoci\u00f3n\u00a0\u00a0los ex combatientes de Almirante Brown, Santiago Mambr\u00edn, Pablo Mora y Sergio Batistoni recibieron de manos del intendente municipal, Mariano Cascallares los pasajes que otorg\u00f3 el Municipio con destino a las Islas Malvinas.<\/p>\n<p>Este el tercer viaje que veteranos de guerra del distrito realizan al archipi\u00e9lago con el objetivo no solo de reafirmar la Soberan\u00eda Nacional sobre el territorio, sino de rendir homenaje a los ca\u00eddos.<\/p>\n<p>En pos del firme compromiso que promueve el Estado Municipal con la gesta de Malvinas y del trabajo mancomunado con nuestros h\u00e9roes, Cascallares realiz\u00f3 una nueva entrega de pasajes que permiti\u00f3 que otros tres veteranos y vecinos del distrito retornen a las Islas donde se encuentran en este momento.<\/p>\n<p>En la oportunidad Cascallares subray\u00f3 que \u201cpoder trabajar juntos con los ex combatientes es muy emocionante, esta iniciativa surgi\u00f3\u00a0\u00a0de ustedes y nosotros avanzamos, es un alegr\u00eda y una enorme satisfacci\u00f3n poder concretarla, una experiencia movilizadora\u201d.<\/p>\n<p>Por su parte, cada uno de los veteranos que viajaron (elegidos por sorteo), agradecieron el compromiso del Estado municipal, y coincidieron en manifestar que el viaje sirve para cerrar un ciclo y para rendir homenaje a los ca\u00eddos durante la guerra.<\/p>\n<p>Participaron del emotivo encuentro el secretario de Desarrollo, Seguridad Social y Derechos Humanos,German Bonnemez\u00f3n, y la subsecretar\u00eda de Desarrollo, B\u00e1rbara Mi\u00f1\u00e1n, junto al coordinador de Veteranos, Juan Manuel Palacios.<\/p>\n<p>Cabe se\u00f1alar que el Municipio impulsa la iniciativa hace tres a\u00f1os. En esta ocasi\u00f3n los excombatientes viajaron al archipi\u00e9lago el 13 de septiembre y se encuentran en Malvinas. Llevaron al viaje la bandera del distrito \u2013firmada por todos los veteranos que tuvieron la oportunidad de viajar, a trav\u00e9s de la propuesta- que los acompa\u00f1a en suelo argentino.<\/p>\n<p>Adem\u00e1s llevaron banderas de\u00a0\u00a0los jardines 926 \u201cH\u00e9roes de Malvinas\u201d, de Claypole y \u201cPuerto Argentino\u201d de Malvinas Argentinas.<\/p>\n","protected":false},"excerpt":{"rendered":"<p>Colmados de emoci\u00f3n\u00a0\u00a0los ex combatientes de Almirante Brown, Santiago Mambr\u00edn, Pablo Mora y Sergio Batistoni recibieron de manos del intendente<\/p>\n","protected":false},"author":1,"featured_media":18855,"comment_status":"closed","ping_status":"closed","sticky":false,"template":"","format":"standard","meta":{"kia_subtitle":"","footnotes":"","jetpack_publicize_message":"","jetpack_publicize_feature_enabled":true,"jetpack_social_post_already_shared":true,"jetpack_social_options":{"image_generator_settings":{"template":"highway","default_image_id":0,"font":"","enabled":false},"version":2}},"categories":[2,33],"tags":[],"class_list":["post-18854","post","type-post","status-publish","format-standard","has-post-thumbnail","hentry","category-alte-brown","category-alte-brown-alte-brown"],"jetpack_publicize_connections":[],"jetpack_featured_media_url":"https:\/\/laurbedigital.com.ar\/noticias\/wp-content\/uploads\/2019\/09\/20190917-brown.jpg","_links":{"self":[{"href":"https:\/\/laurbedigital.com.ar\/noticias\/wp-json\/wp\/v2\/posts\/18854","targetHints":{"allow":["GET"]}}],"collection":[{"href":"https:\/\/laurbedigital.com.ar\/noticias\/wp-json\/wp\/v2\/posts"}],"about":[{"href":"https:\/\/laurbedigital.com.ar\/noticias\/wp-json\/wp\/v2\/types\/post"}],"author":[{"embeddable":true,"href":"https:\/\/laurbedigital.com.ar\/noticias\/wp-json\/wp\/v2\/users\/1"}],"replies":[{"embeddable":true,"href":"https:\/\/laurbedigital.com.ar\/noticias\/wp-json\/wp\/v2\/comments?post=18854"}],"version-history":[{"count":1,"href":"https:\/\/laurbedigital.com.ar\/noticias\/wp-json\/wp\/v2\/posts\/18854\/revisions"}],"predecessor-version":[{"id":18856,"href":"https:\/\/laurbedigital.com.ar\/noticias\/wp-json\/wp\/v2\/posts\/18854\/revisions\/18856"}],"wp:featuredmedia":[{"embeddable":true,"href":"https:\/\/laurbedigital.com.ar\/noticias\/wp-json\/wp\/v2\/media\/18855"}],"wp:attachment":[{"href":"https:\/\/laurbedigital.com.ar\/noticias\/wp-json\/wp\/v2\/media?parent=18854"}],"wp:term":[{"taxonomy":"category","embeddable":true,"href":"https:\/\/laurbedigital.com.ar\/noticias\/wp-json\/wp\/v2\/categories?post=18854"},{"taxonomy":"post_tag","embeddable":true,"href":"https:\/\/laurbedigital.com.ar\/noticias\/wp-json\/wp\/v2\/tags?post=18854"}],"curies":[{"name":"wp","href":"https:\/\/api.w.org\/{rel}","templated":true}]}}