{"id":18812,"date":"2019-09-13T16:38:21","date_gmt":"2019-09-13T19:38:21","guid":{"rendered":"http:\/\/laurbedigital.com.ar\/noticias\/?p=18812"},"modified":"2019-09-13T16:38:21","modified_gmt":"2019-09-13T19:38:21","slug":"continuan-los-festejos-20-aniversario-la-casa-la-cultura","status":"publish","type":"post","link":"https:\/\/laurbedigital.com.ar\/noticias\/2019\/09\/13\/continuan-los-festejos-20-aniversario-la-casa-la-cultura\/","title":{"rendered":"Contin\u00faan los festejos por el 20 aniversario de la Casa de la Cultura"},"content":{"rendered":"<div>\n<p>El Municipio de Almirante Brown contin\u00faa este fin de semana con las celebraciones por el 20\u00ba Aniversario de la Casa Municipal de la Cultura con una serie de importantes actividades y propuestas que incluir\u00e1n muestras de arte, teatro, canto l\u00edrico y shows musicales.<\/p>\n<div>Desde el Instituto Municipal de las Culturas explicaron que las actividades previstas este viernes 13, s\u00e1bado 14 y domingo 15 de septiembre se llevar\u00e1n adelante en el edificio ubicado en Esteban Adrogu\u00e9 1224, el cual est\u00e1 siendo refaccionado y puesto en valor por la gesti\u00f3n del intendente Mariano Cascallares. Por ese motivo, el ingreso se realiza por el Pasaje La Delicia.<\/div>\n<p>En lo que respecta a la agenda cultural, este viernes 13 se llevar\u00e1 adelante el D\u00eda de la Cultura Inclusiva, en el que todos los j\u00f3venes de nuestro programa, junto a los Centros de D\u00eda y Hogares del distrito, protagonizar\u00e1n una jornada llena de cultura con m\u00fasica, teatro, danza y pintura.<\/p>\n<p>Asimismo, a partir de las 14 horas se proyectar\u00e1 la pel\u00edcula \u00abDown para Arriba\u00bb, de Gustavo Garz\u00f3n y luego se presentar\u00e1 la banda \u00abReciclados\u00bb y la compa\u00f1\u00eda \u00abVerte Volar\u00bb.\u00a0El cierre, en tanto, ser\u00e1 protagonizado por el Candombe Calzada Cotolengo y Reciclados, a partir de las 18.30 horas.<\/p>\n<p>El s\u00e1bado 14, a las 15 horas, se realizar\u00e1 el Ciclo de Opera con la proyecci\u00f3n de Romeo y Julieta de Charles Gounod, bajo la direcci\u00f3n D. Ricchiuto. Mientras que desde las 20 horas, se llevar\u00e1 adelante el 2do Concierto de Primavera Aniversario de la mano del ballet de tango del Instituto de las Culturas \u201cExpresiones de tango\u201d, bajo la direcci\u00f3n de Fernanda Carrizo y Denis Espinosa.<\/p>\n<p>Luego, desde las 20 horas, la Orquesta Municipal de tango de Alte. Brown rendir\u00e1 homenaje a todos los autores y autoras locales con invitados especiales, y el cierre de la noche estar\u00e1 a cargo del talentoso cantante Gustavo Remesar, en la sala Ra\u00fal Soldi.<\/p>\n<p>El domingo 15, por \u00faltimo se har\u00e1 un encuentro de comedia musical a partir de las 20 horas, en el cual participar\u00e1n el grupo de Comedia Musical del Instituto Municipal de las Culturas, el grupo de la Fundaci\u00f3n Soldi y la Comedia Musical \u201cChicago\u201d, del Espacio Frida, quienes junto a sus directores Daniel Vitaller, Agustina Salaberri y Denise Chac\u00f3n nos regalaran una noche m\u00e1gica.<\/p>\n<\/div>\n","protected":false},"excerpt":{"rendered":"<p>El Municipio de Almirante Brown contin\u00faa este fin de semana con las celebraciones por el 20\u00ba Aniversario de la Casa<\/p>\n","protected":false},"author":1,"featured_media":18813,"comment_status":"closed","ping_status":"closed","sticky":false,"template":"","format":"standard","meta":{"kia_subtitle":"","footnotes":"","jetpack_publicize_message":"","jetpack_publicize_feature_enabled":true,"jetpack_social_post_already_shared":true,"jetpack_social_options":{"image_generator_settings":{"template":"highway","default_image_id":0,"font":"","enabled":false},"version":2}},"categories":[66,51,33],"tags":[915,1506,1761],"class_list":["post-18812","post","type-post","status-publish","format-standard","has-post-thumbnail","hentry","category-interes-2","category-adrogue","category-alte-brown-alte-brown","tag-cascallarespj","tag-instituto-municipal-de-las-culturas-de-almirante-brown","tag-municipalidad-de-almirante-brown"],"jetpack_publicize_connections":[],"jetpack_featured_media_url":"https:\/\/laurbedigital.com.ar\/noticias\/wp-content\/uploads\/2019\/09\/20190913brown.jpg","_links":{"self":[{"href":"https:\/\/laurbedigital.com.ar\/noticias\/wp-json\/wp\/v2\/posts\/18812","targetHints":{"allow":["GET"]}}],"collection":[{"href":"https:\/\/laurbedigital.com.ar\/noticias\/wp-json\/wp\/v2\/posts"}],"about":[{"href":"https:\/\/laurbedigital.com.ar\/noticias\/wp-json\/wp\/v2\/types\/post"}],"author":[{"embeddable":true,"href":"https:\/\/laurbedigital.com.ar\/noticias\/wp-json\/wp\/v2\/users\/1"}],"replies":[{"embeddable":true,"href":"https:\/\/laurbedigital.com.ar\/noticias\/wp-json\/wp\/v2\/comments?post=18812"}],"version-history":[{"count":1,"href":"https:\/\/laurbedigital.com.ar\/noticias\/wp-json\/wp\/v2\/posts\/18812\/revisions"}],"predecessor-version":[{"id":18814,"href":"https:\/\/laurbedigital.com.ar\/noticias\/wp-json\/wp\/v2\/posts\/18812\/revisions\/18814"}],"wp:featuredmedia":[{"embeddable":true,"href":"https:\/\/laurbedigital.com.ar\/noticias\/wp-json\/wp\/v2\/media\/18813"}],"wp:attachment":[{"href":"https:\/\/laurbedigital.com.ar\/noticias\/wp-json\/wp\/v2\/media?parent=18812"}],"wp:term":[{"taxonomy":"category","embeddable":true,"href":"https:\/\/laurbedigital.com.ar\/noticias\/wp-json\/wp\/v2\/categories?post=18812"},{"taxonomy":"post_tag","embeddable":true,"href":"https:\/\/laurbedigital.com.ar\/noticias\/wp-json\/wp\/v2\/tags?post=18812"}],"curies":[{"name":"wp","href":"https:\/\/api.w.org\/{rel}","templated":true}]}}