{"id":18800,"date":"2019-09-11T16:28:02","date_gmt":"2019-09-11T19:28:02","guid":{"rendered":"http:\/\/laurbedigital.com.ar\/noticias\/?p=18800"},"modified":"2019-09-11T16:28:02","modified_gmt":"2019-09-11T19:28:02","slug":"marchas-protestas-ollas-populares-capital-federal-la-emergencia-alimentaria","status":"publish","type":"post","link":"https:\/\/laurbedigital.com.ar\/noticias\/2019\/09\/11\/marchas-protestas-ollas-populares-capital-federal-la-emergencia-alimentaria\/","title":{"rendered":"Marchas, protestas y ollas populares en Capital Federal por la emergencia alimentaria"},"content":{"rendered":"<div><\/div>\n<div>\n<div>\n<div data-twitter-link=\"\">\n<p>Luego de que haya fracasado el acuerdo con la ministra de Desarrollo Social,\u00a0Carolina Stanley,\u00a0se realizan acampes y ollas populares.<\/p>\n<p>Por tal motivo, miembos del Frente Popular Dar\u00edo Santil\u00e1n, del Frente de Organizaciones en Lucha (FOL) y de la Federaci\u00f3n de Organizaciones de Base FOB se dirigieron desde el Ministerio de Desarrollo Social hacia la Casa Rosada.<\/p>\n<p>Por su parte, el referente del Polo Obrero,\u00a0Eduardo Belliboni,\u00a0asegur\u00f3 que \u00abla reuni\u00f3n con funcionarios del Ministerio de\u00a0Carolina Stanley\u00a0fracas\u00f3 por completo porque el Gobierno no hizo una propuesta que responda a ninguno de los tres puntos centrales que las organizaciones venimos reclamando desde hace meses\u00bb.<\/p>\n<p>Asimismo, tambi\u00e9n expres\u00f3 que \u00abel reclamo de aumento de las partidas de alimentos no tiene porcentajes concretos y no se garantizan los productos esenciales para merenderos y comedores.\u00a0La oferta de aumento en el monto de los programas no alcanza a cubrir ni siquiera la inflaci\u00f3n de los \u00faltimos meses\u00bb.<\/p>\n<p>El punto de encuentro de los manifestantes para acampar ser\u00e1 las avenidas 9 de Julio y De Mayo.<\/p>\n<p>Por otra parte, teniendo en cuenta el D\u00eda del Maestro, docentes hacen una Jornada Nacional de Lucha con la consigna\u00a0\u00abCon hambre no se puede ense\u00f1ar ni aprender\u00bb.<\/p>\n<p>Por ello, se realizan actividades art\u00edsticas, recreativas y culturales, que cuenta con la participaci\u00f3n de las familias y los ni\u00f1os.<\/p>\n<p>En este sentido, la secretaria general del sindicato CTERA,\u00a0Sonia Alesso,\u00a0se\u00f1al\u00f3 que\u00a0\u00abhablar de infancias cuando el 50% de las pibas y los pibes de la\u00a0Argentina\u00a0son pobres, cuando en una misma semana aument\u00f3 en un 30% la asistencia a los Comedores es hablar de un tema que es parte de la defensa de la Educaci\u00f3n P\u00fablica como Derecho Social\u00bb.<\/p>\n<p>Sobre estas manifestaciones,\u00a0Stanley\u00a0dialog\u00f3 con Radio Nacional, donde asever\u00f3\u00a0\u00abmi sensaci\u00f3n es que buscan romper m\u00e1s que acercar alguna posici\u00f3n\u00bb\u00a0y advirti\u00f3\u00a0\u00abno vamos a atender la situaci\u00f3n en estos t\u00e9rminos\u00bb.<\/p>\n<\/div>\n<\/div>\n<p>&nbsp;<\/p>\n<\/div>\n","protected":false},"excerpt":{"rendered":"<p>Luego de que haya fracasado el acuerdo con la ministra de Desarrollo Social,\u00a0Carolina Stanley,\u00a0se realizan acampes y ollas populares. Por<\/p>\n","protected":false},"author":1,"featured_media":18801,"comment_status":"closed","ping_status":"closed","sticky":false,"template":"","format":"standard","meta":{"kia_subtitle":"","footnotes":"","jetpack_publicize_message":"","jetpack_publicize_feature_enabled":true,"jetpack_social_post_already_shared":true,"jetpack_social_options":{"image_generator_settings":{"template":"highway","default_image_id":0,"font":"","enabled":false},"version":2}},"categories":[3,41],"tags":[1861,1809,1860],"class_list":["post-18800","post","type-post","status-publish","format-standard","has-post-thumbnail","hentry","category-actualidad","category-nacionales","tag-con-hambre-no-se-puede-ensenar-ni-aprender","tag-emergencia-alimentaria-en-argentina","tag-marchas-en-ciudad-autonoma-de-buenos-aires"],"jetpack_publicize_connections":[],"jetpack_featured_media_url":"https:\/\/laurbedigital.com.ar\/noticias\/wp-content\/uploads\/2019\/09\/20190911-ollas.jpg","_links":{"self":[{"href":"https:\/\/laurbedigital.com.ar\/noticias\/wp-json\/wp\/v2\/posts\/18800","targetHints":{"allow":["GET"]}}],"collection":[{"href":"https:\/\/laurbedigital.com.ar\/noticias\/wp-json\/wp\/v2\/posts"}],"about":[{"href":"https:\/\/laurbedigital.com.ar\/noticias\/wp-json\/wp\/v2\/types\/post"}],"author":[{"embeddable":true,"href":"https:\/\/laurbedigital.com.ar\/noticias\/wp-json\/wp\/v2\/users\/1"}],"replies":[{"embeddable":true,"href":"https:\/\/laurbedigital.com.ar\/noticias\/wp-json\/wp\/v2\/comments?post=18800"}],"version-history":[{"count":1,"href":"https:\/\/laurbedigital.com.ar\/noticias\/wp-json\/wp\/v2\/posts\/18800\/revisions"}],"predecessor-version":[{"id":18802,"href":"https:\/\/laurbedigital.com.ar\/noticias\/wp-json\/wp\/v2\/posts\/18800\/revisions\/18802"}],"wp:featuredmedia":[{"embeddable":true,"href":"https:\/\/laurbedigital.com.ar\/noticias\/wp-json\/wp\/v2\/media\/18801"}],"wp:attachment":[{"href":"https:\/\/laurbedigital.com.ar\/noticias\/wp-json\/wp\/v2\/media?parent=18800"}],"wp:term":[{"taxonomy":"category","embeddable":true,"href":"https:\/\/laurbedigital.com.ar\/noticias\/wp-json\/wp\/v2\/categories?post=18800"},{"taxonomy":"post_tag","embeddable":true,"href":"https:\/\/laurbedigital.com.ar\/noticias\/wp-json\/wp\/v2\/tags?post=18800"}],"curies":[{"name":"wp","href":"https:\/\/api.w.org\/{rel}","templated":true}]}}