{"id":18792,"date":"2019-09-11T16:07:51","date_gmt":"2019-09-11T19:07:51","guid":{"rendered":"http:\/\/laurbedigital.com.ar\/noticias\/?p=18792"},"modified":"2019-09-11T16:13:03","modified_gmt":"2019-09-11T19:13:03","slug":"agentes-atropellados-palermo-veppo-tomo-alcohol-del-choque","status":"publish","type":"post","link":"https:\/\/laurbedigital.com.ar\/noticias\/2019\/09\/11\/agentes-atropellados-palermo-veppo-tomo-alcohol-del-choque\/","title":{"rendered":"Agentes atropellados en Palermo: Veppo tom\u00f3 alcohol antes del choque"},"content":{"rendered":"<div>\n<div>\n<p>En el d\u00eda de ayer el abogado admiti\u00f3 que el periodista tom\u00f3 alcohol antes del choque.<\/p>\n<\/div>\n<\/div>\n<div>\n<p>La car\u00e1tula del caso pas\u00f3 a homicidio con dolo eventual.<\/p>\n<article>\n<div>\n<div data-twitter-link=\"\">\n<p>El abogado de Eugenio Veppo, quien est\u00e1 detenido desde el domingo\u00a0por matar a una agente de tr\u00e1nsito y herir de gravedad a otro en el barrio de\u00a0Palermo, admiti\u00f3 el martes que\u00a0el periodista le dijo que tom\u00f3 \u201cdos vasos de vino\u201d\u00a0horas antes del hecho.<\/p>\n<\/div>\n<\/div>\n<\/article>\n<div>\n<div id=\"div-gpt-ad-1567020669834-0\" data-google-query-id=\"CL62uJi1yeQCFUduwQodzaYP5w\">\n<div id=\"google_ads_iframe_\/40327789\/Nueva_Red_Interior\/www.derf.com.ar\/DF_728x90_0__container__\">\u00abVeppo me refiere que eran cuatro o cinco personas en el asado (del s\u00e1bado a la noche) y que tomaron una botella (de vino), \u00e9l tom\u00f3 dos vasos.\u00bb<\/div>\n<\/div>\n<\/div>\n<article>\n<div data-twitter-link=\"\">\n<p>Por otro lado, el abogado dijo que\u00a0pidi\u00f3 \u201cprotecci\u00f3n\u201d para el periodista \u201cporque realizaba una tarea en su trabajo que implicaba tener contacto con los alojados en unidades carcelarias\u00a0y tiene miedo de que tomen represalias\u201d.<\/p>\n<p>Veppo, que permanece alojado en el Hospital Penitenciario Central (HPC) de la c\u00e1rcel de\u00a0Ezeiza,\u00a0trabajaba como asesor de prensa en el Registro Nacional de Violadores y estaba presente cuando se tomaban muestras a detenidos, seg\u00fan indicaron allegados al imputado.<\/p>\n<p>El abogado Jos\u00e9 Luis Ferrari, sostuvo en ese momento que\u00a0su cliente \u201cno es un delincuente, tal vez tenga alg\u00fan problema de conducta\u201d\u00a0en alusi\u00f3n a que\u00a0debi\u00f3 cumplir una probation por colisionar con un polic\u00eda en 2014 y tiene otra causa abierta por amenazas.<\/p>\n<p>Esta ma\u00f1ana Ferrari abandon\u00f3 la representaci\u00f3n del periodista. Autom\u00e1ticamente, el acusado pasa a tener un defensor oficial aunque se desconoce su identidad.<\/p>\n<div>\n<p>M\u00e1s all\u00e1 de la cuesti\u00f3n moral a la que Ferrari hace referencia en la nota, el martes trascendi\u00f3 que hubo un conflicto entre ambos debido a que\u00a0Veppo le hab\u00eda escondido la existencia de sus antecedentes:\u00a0cumpli\u00f3 una\u00a0probation\u00a0por amenazas y ten\u00eda una causa por resistencia a la autoridad.<\/p>\n<\/div>\n<\/div>\n<\/article>\n<\/div>\n","protected":false},"excerpt":{"rendered":"<p>En el d\u00eda de ayer el abogado admiti\u00f3 que el periodista tom\u00f3 alcohol antes del choque. La car\u00e1tula del caso<\/p>\n","protected":false},"author":1,"featured_media":18793,"comment_status":"closed","ping_status":"closed","sticky":false,"template":"","format":"standard","meta":{"kia_subtitle":"","footnotes":"","jetpack_publicize_message":"","jetpack_publicize_feature_enabled":true,"jetpack_social_post_already_shared":true,"jetpack_social_options":{"image_generator_settings":{"template":"highway","default_image_id":0,"font":"","enabled":false},"version":2}},"categories":[8],"tags":[1856,1857,1858,891],"class_list":["post-18792","post","type-post","status-publish","format-standard","has-post-thumbnail","hentry","category-policiales","tag-agentes-atropellados-en-palermo","tag-el-alcohol-al-volante-mata","tag-eugenio-veppo","tag-imprudencia-al-volante"],"jetpack_publicize_connections":[],"jetpack_featured_media_url":"https:\/\/laurbedigital.com.ar\/noticias\/wp-content\/uploads\/2019\/09\/20190911-pol.jpg","_links":{"self":[{"href":"https:\/\/laurbedigital.com.ar\/noticias\/wp-json\/wp\/v2\/posts\/18792","targetHints":{"allow":["GET"]}}],"collection":[{"href":"https:\/\/laurbedigital.com.ar\/noticias\/wp-json\/wp\/v2\/posts"}],"about":[{"href":"https:\/\/laurbedigital.com.ar\/noticias\/wp-json\/wp\/v2\/types\/post"}],"author":[{"embeddable":true,"href":"https:\/\/laurbedigital.com.ar\/noticias\/wp-json\/wp\/v2\/users\/1"}],"replies":[{"embeddable":true,"href":"https:\/\/laurbedigital.com.ar\/noticias\/wp-json\/wp\/v2\/comments?post=18792"}],"version-history":[{"count":2,"href":"https:\/\/laurbedigital.com.ar\/noticias\/wp-json\/wp\/v2\/posts\/18792\/revisions"}],"predecessor-version":[{"id":18795,"href":"https:\/\/laurbedigital.com.ar\/noticias\/wp-json\/wp\/v2\/posts\/18792\/revisions\/18795"}],"wp:featuredmedia":[{"embeddable":true,"href":"https:\/\/laurbedigital.com.ar\/noticias\/wp-json\/wp\/v2\/media\/18793"}],"wp:attachment":[{"href":"https:\/\/laurbedigital.com.ar\/noticias\/wp-json\/wp\/v2\/media?parent=18792"}],"wp:term":[{"taxonomy":"category","embeddable":true,"href":"https:\/\/laurbedigital.com.ar\/noticias\/wp-json\/wp\/v2\/categories?post=18792"},{"taxonomy":"post_tag","embeddable":true,"href":"https:\/\/laurbedigital.com.ar\/noticias\/wp-json\/wp\/v2\/tags?post=18792"}],"curies":[{"name":"wp","href":"https:\/\/api.w.org\/{rel}","templated":true}]}}