{"id":18734,"date":"2019-09-05T23:21:23","date_gmt":"2019-09-06T02:21:23","guid":{"rendered":"http:\/\/laurbedigital.com.ar\/noticias\/?p=18734"},"modified":"2019-09-05T23:21:23","modified_gmt":"2019-09-06T02:21:23","slug":"tercer-congreso-educacion-almirante-brown-ya-esta-marcha","status":"publish","type":"post","link":"https:\/\/laurbedigital.com.ar\/noticias\/2019\/09\/05\/tercer-congreso-educacion-almirante-brown-ya-esta-marcha\/","title":{"rendered":"El tercer Congreso de Educaci\u00f3n de Almirante Brown ya est\u00e1 en marcha"},"content":{"rendered":"<p>El intendente Mariano Cascallares encabez\u00f3 al lanzamiento del tercer Congreso de Educaci\u00f3n de Almirante Brown destinado a m\u00e1s de 600 inspectores, directivos, docentes de todos los niveles y modalidades, investigadores y alumnos de profesorados con el objetivo de construir conocimientos compartidos\u00a0 y fortalecer la actual actuaci\u00f3n profesional de los educadores locales.<\/p>\n<p>\u201cNos llena de orgullo poner en marcha la tercera edici\u00f3n de esta iniciativa y haberle podido dar continuidad en el tiempo, demostrando que pese a coyunturas dif\u00edciles es fuerte la articulaci\u00f3n del Municipio con los \u00e1mbitos de jurisdicci\u00f3n educativa, gracias\u00a0a lo cual hemos podido llevar mejoras de infraestructura en las escuelas, fortalecer el servicio alimentario, promover actividades culturales y deportivas, desarrollar la Feria del Libro, y generar espacios de debate, discusi\u00f3n y formaci\u00f3n como \u00e9ste, que ha reunido en esta oportunidad m\u00e1s de 600 inscritos\u201d, indic\u00f3 Cascallares.<\/p>\n<p>En tanto, se mostr\u00f3 muy satisfecho por el inminente inicio de ciclo lectivo de las primeras tres carreras de grado de la Universidad Nacional Guillermo Brown, tras a\u00f1os de trabajo para lograr su creaci\u00f3n y apertura de actividades.<\/p>\n<p>La apertura\u00a0 tuvo lugar en el auditorio de la \u00abiglesia Cristo para Todos\u00bb y cont\u00f3 con la presencia de autoridades municipales y provinciales, representantes de universidades y centros de formaci\u00f3n profesional, y referentes de la materia; y durante la conferencia inaugural disert\u00f3 sobre \u201cObjetos l\u00fadicos, mediadores de la ternura\u201d la docente y titiritera educadora desde los afectos, Elena Santa Cruz.<\/p>\n<p>El evento, organizado\u00a0 por el Municipio a trav\u00e9s de la Subsecretar\u00eda de Educaci\u00f3n, se desarrollar\u00e1\u00a0 hasta el s\u00e1bado 7 de septiembre con conferencias de especialistas, paneles de invitados especiales y talleres distribuidos en tres sedes de Adrogue: la Casa Municipal de la Cultura (Esteban Adrogu\u00e9 1224), la C\u00e1mara de Comercio y la Industria del Partido de Almirante Brown (Esteban Adrogu\u00e9 1177) y el Centro de Capacitaci\u00f3n, Informaci\u00f3n e Investigaci\u00f3n Educativa de Almirante Brown (Intendente Gonz\u00e1lez N\u00b0 1252).<\/p>\n<p>Se desarrollar\u00e1n en los distintos encuentros, bajo el lema \u201cDi\u00e1logos entre el deseo de aprender y el poder de ense\u00f1ar\u201d los ejes tem\u00e1ticos planificaci\u00f3n did\u00e1ctica, el v\u00ednculo entre el docente y el alumno, condiciones de aprendizaje y ense\u00f1anza, y problem\u00e1ticas actuales de la educaci\u00f3n.<\/p>\n<p>Dijeron presente en la apertura, el vicepresidente primero del Consejo General de Cultura y Educaci\u00f3n bonaerense, Diego Mart\u00ednez; el subsecretario de Educaci\u00f3n de Almirante Brown, Sergio Pianciola; el presidente del Consejo Escolar, Leonardo Herrera; la consejera provincial de Educaci\u00f3n y Cultura, Cristina Villota; el jefe regional de Educaci\u00f3n, Luis Villarreal; la jefa distrital de Educaci\u00f3n, Mar\u00eda In\u00e9s Centuri\u00f3n; los rectores N\u00e9stor Blanco (Universidad Nacional Guillermo Brown), Ricardo Serra (UNDAV), Arnaldo Medina (Universidad nacional de Florencio Varela); Ver\u00f3nica Gorosito (Universidad Nacional de La Matanza), y Diego Molea (UNLZ); la directora del Instituto Superior de Formaci\u00f3n Docente N\u00ba 41, Susana Elola; y la directora del Instituto Fodeum, Ingrid Balzarini.<\/p>\n<div>El cronograma completo de las actividades del Congreso en la web, ingresando a\u00a0http:\/\/brown.gob.ar\/<wbr \/>congresodeeducacion<\/div>\n","protected":false},"excerpt":{"rendered":"<p>El intendente Mariano Cascallares encabez\u00f3 al lanzamiento del tercer Congreso de Educaci\u00f3n de Almirante Brown destinado a m\u00e1s de 600<\/p>\n","protected":false},"author":1,"featured_media":18735,"comment_status":"closed","ping_status":"closed","sticky":false,"template":"","format":"standard","meta":{"kia_subtitle":"","footnotes":"","jetpack_publicize_message":"","jetpack_publicize_feature_enabled":true,"jetpack_social_post_already_shared":true,"jetpack_social_options":{"image_generator_settings":{"template":"highway","default_image_id":0,"font":"","enabled":false},"version":2}},"categories":[66,33],"tags":[915,1846],"class_list":["post-18734","post","type-post","status-publish","format-standard","has-post-thumbnail","hentry","category-interes-2","category-alte-brown-alte-brown","tag-cascallarespj","tag-tercer-congreso-de-educacion-almirante-brown"],"jetpack_publicize_connections":[],"jetpack_featured_media_url":"https:\/\/laurbedigital.com.ar\/noticias\/wp-content\/uploads\/2019\/09\/20190905-brown1.jpg","_links":{"self":[{"href":"https:\/\/laurbedigital.com.ar\/noticias\/wp-json\/wp\/v2\/posts\/18734","targetHints":{"allow":["GET"]}}],"collection":[{"href":"https:\/\/laurbedigital.com.ar\/noticias\/wp-json\/wp\/v2\/posts"}],"about":[{"href":"https:\/\/laurbedigital.com.ar\/noticias\/wp-json\/wp\/v2\/types\/post"}],"author":[{"embeddable":true,"href":"https:\/\/laurbedigital.com.ar\/noticias\/wp-json\/wp\/v2\/users\/1"}],"replies":[{"embeddable":true,"href":"https:\/\/laurbedigital.com.ar\/noticias\/wp-json\/wp\/v2\/comments?post=18734"}],"version-history":[{"count":1,"href":"https:\/\/laurbedigital.com.ar\/noticias\/wp-json\/wp\/v2\/posts\/18734\/revisions"}],"predecessor-version":[{"id":18736,"href":"https:\/\/laurbedigital.com.ar\/noticias\/wp-json\/wp\/v2\/posts\/18734\/revisions\/18736"}],"wp:featuredmedia":[{"embeddable":true,"href":"https:\/\/laurbedigital.com.ar\/noticias\/wp-json\/wp\/v2\/media\/18735"}],"wp:attachment":[{"href":"https:\/\/laurbedigital.com.ar\/noticias\/wp-json\/wp\/v2\/media?parent=18734"}],"wp:term":[{"taxonomy":"category","embeddable":true,"href":"https:\/\/laurbedigital.com.ar\/noticias\/wp-json\/wp\/v2\/categories?post=18734"},{"taxonomy":"post_tag","embeddable":true,"href":"https:\/\/laurbedigital.com.ar\/noticias\/wp-json\/wp\/v2\/tags?post=18734"}],"curies":[{"name":"wp","href":"https:\/\/api.w.org\/{rel}","templated":true}]}}