{"id":18689,"date":"2019-08-30T18:19:07","date_gmt":"2019-08-30T21:19:07","guid":{"rendered":"http:\/\/laurbedigital.com.ar\/noticias\/?p=18689"},"modified":"2019-08-30T18:19:07","modified_gmt":"2019-08-30T21:19:07","slug":"instituto-municipal-las-culturas-celebra-ofreciendo-una-gala-lirica-inaugural","status":"publish","type":"post","link":"https:\/\/laurbedigital.com.ar\/noticias\/2019\/08\/30\/instituto-municipal-las-culturas-celebra-ofreciendo-una-gala-lirica-inaugural\/","title":{"rendered":"El Instituto Municipal de las Culturas celebra ofreciendo una Gala L\u00edrica inaugural"},"content":{"rendered":"<p>Comenzando con los festejos por el 20\u00ba aniversiario, la Casa de la Cultura de Almirante Brown propone disfrutar de un concierto con artistas locales que brillan en la l\u00edrica, el s\u00e1bado 31 de agosto a las 20hs en Esteban Adrogu\u00e9 1224, Adrogu\u00e9.<\/p>\n<p>De la misma participar\u00e1n las sopranos Estefan\u00eda Cristal, Sabrina Sosa y Flavia Memmo, junto a destacados m\u00fasicos: Guillermo Romano, Mat\u00edas Wilson y Julia Manzitti.<\/p>\n<p>El cierre contar\u00e1 con la presentaci\u00f3n del tenor Diulio Smiriglia, la soprano Marina Silva y el pianista Gerardo Delgado. Junto al maestro de ceremonia Daniel Ricchiutto.<\/p>\n","protected":false},"excerpt":{"rendered":"<p>Comenzando con los festejos por el 20\u00ba aniversiario, la Casa de la Cultura de Almirante Brown propone disfrutar de un<\/p>\n","protected":false},"author":1,"featured_media":18690,"comment_status":"closed","ping_status":"closed","sticky":false,"template":"","format":"standard","meta":{"kia_subtitle":"","footnotes":"","jetpack_publicize_message":"","jetpack_publicize_feature_enabled":true,"jetpack_social_post_already_shared":true,"jetpack_social_options":{"image_generator_settings":{"template":"highway","default_image_id":0,"font":"","enabled":false},"version":2}},"categories":[5,29],"tags":[892,1830,1823,1824,1826,1821,1827,1506,1829,1822,1828,1825],"class_list":["post-18689","post","type-post","status-publish","format-standard","has-post-thumbnail","hentry","category-cultura","category-musica","tag-cultura-almirante-brown","tag-daniel-ricchiutto","tag-duilio-smiriglia","tag-estefania-cristal","tag-flavia-memmo","tag-gala-lirica-inaugural-adrogue","tag-guillermo-romano","tag-instituto-municipal-de-las-culturas-de-almirante-brown","tag-julia-manzitti","tag-marina-silva","tag-matias-wilson","tag-sabrina-sosa"],"jetpack_publicize_connections":[],"jetpack_featured_media_url":"https:\/\/laurbedigital.com.ar\/noticias\/wp-content\/uploads\/2019\/08\/21090830-brown3.jpg","_links":{"self":[{"href":"https:\/\/laurbedigital.com.ar\/noticias\/wp-json\/wp\/v2\/posts\/18689","targetHints":{"allow":["GET"]}}],"collection":[{"href":"https:\/\/laurbedigital.com.ar\/noticias\/wp-json\/wp\/v2\/posts"}],"about":[{"href":"https:\/\/laurbedigital.com.ar\/noticias\/wp-json\/wp\/v2\/types\/post"}],"author":[{"embeddable":true,"href":"https:\/\/laurbedigital.com.ar\/noticias\/wp-json\/wp\/v2\/users\/1"}],"replies":[{"embeddable":true,"href":"https:\/\/laurbedigital.com.ar\/noticias\/wp-json\/wp\/v2\/comments?post=18689"}],"version-history":[{"count":1,"href":"https:\/\/laurbedigital.com.ar\/noticias\/wp-json\/wp\/v2\/posts\/18689\/revisions"}],"predecessor-version":[{"id":18691,"href":"https:\/\/laurbedigital.com.ar\/noticias\/wp-json\/wp\/v2\/posts\/18689\/revisions\/18691"}],"wp:featuredmedia":[{"embeddable":true,"href":"https:\/\/laurbedigital.com.ar\/noticias\/wp-json\/wp\/v2\/media\/18690"}],"wp:attachment":[{"href":"https:\/\/laurbedigital.com.ar\/noticias\/wp-json\/wp\/v2\/media?parent=18689"}],"wp:term":[{"taxonomy":"category","embeddable":true,"href":"https:\/\/laurbedigital.com.ar\/noticias\/wp-json\/wp\/v2\/categories?post=18689"},{"taxonomy":"post_tag","embeddable":true,"href":"https:\/\/laurbedigital.com.ar\/noticias\/wp-json\/wp\/v2\/tags?post=18689"}],"curies":[{"name":"wp","href":"https:\/\/api.w.org\/{rel}","templated":true}]}}