{"id":18672,"date":"2019-08-29T16:53:06","date_gmt":"2019-08-29T19:53:06","guid":{"rendered":"http:\/\/laurbedigital.com.ar\/noticias\/?p=18672"},"modified":"2019-08-29T16:53:06","modified_gmt":"2019-08-29T19:53:06","slug":"cascallares-puso-marcha-una-nueva-edicion-la-expo-orientacion-la-educacion-trabajo-abriendo-caminos","status":"publish","type":"post","link":"https:\/\/laurbedigital.com.ar\/noticias\/2019\/08\/29\/cascallares-puso-marcha-una-nueva-edicion-la-expo-orientacion-la-educacion-trabajo-abriendo-caminos\/","title":{"rendered":"Cascallares puso en marcha una nueva edici\u00f3n de la Expo Orientaci\u00f3n para la Educaci\u00f3n y el Trabajo \u00abAbriendo Caminos\u00bb"},"content":{"rendered":"<p>El intendente de Almirante Brown, Mariano Cascallares, puso en marcha por tercer a\u00f1o consecutivo la Expo Orientaci\u00f3n para la Educaci\u00f3n y el Trabajo \u201cAbriendo Caminos\u201d, una iniciativa municipal\u00a0pensada para que los j\u00f3venes que est\u00e1n terminando sus estudios secundarios puedan informarse sobre c\u00f3mo continuar sus aprendizajes terciarios o de grado.<\/p>\n<div>\n<p>\u201cGracias a todos y todas por estar presentes en estas jornadas tan importantes. Estamos muy felices porque cada a\u00f1o la propuesta crece cada vez m\u00e1s\u201d, remarc\u00f3 el intendente Cascallares al tomar la palabra en la\u00a0Casa de la Cultura, ubicada en Esteban Adrogu\u00e9 1224.<\/p>\n<p>Destac\u00f3, adem\u00e1s, que \u201cen la primera edici\u00f3n, en 2017, les comentamos nuestra alegr\u00eda de que se hab\u00eda creado por ley nuestra Universidad Nacional Guillermo Brown (UNAB) y hoy, dos a\u00f1os despu\u00e9s, estamos felices de expresarles que en unos d\u00edas comienzan las clases de nuestras primeras tres carreras\u201d.<\/p>\n<p>Esta importante iniciativa, organizada entre la Subsecretar\u00eda de Educaci\u00f3n local y la Jefatura Distrital, a trav\u00e9s de la modalidad pedag\u00f3gica en Psicolog\u00eda Comunitaria y Pedagog\u00eda Social, propone a los estudiantes ofertas de diversas carreras acad\u00e9micas de universidades p\u00fablicas y privadas de la regi\u00f3n y de institutos superiores de formaci\u00f3n docente, adem\u00e1s de cursos y talleres de orientaci\u00f3n vocacional.<\/p>\n<p>En este sentido, los interesados e interesadas pueden encontrar stands con informaci\u00f3n de la Universidad Nacional Guillermo Brown (UNAB), la Universidad Nacional de Lan\u00fas (UNLA), la Universidad Nacional de Lomas de Zamora (UNLZ), la Universidad Nacional Arturo Jauretche (UNAJ), la Universidad Nacional de Avellaneda (UNDAV), y la Universidad de Ciencias Empresariales y Sociales (UCES).<\/p>\n<p>Tambi\u00e9n de la Universidad Nacional de Quilmes (UNQ), la Universidad Provincial de Ezeiza, la Universidad Abierta Interamericana (UAI), la Universidad Siglo XXI, los Institutos Superiores de Formaci\u00f3n Docente N\u00ba18, N\u00ba41 y N\u00ba53,), el Centro de Producci\u00f3n y Educaci\u00f3n Art\u00edstica Cultural (CEPEAC); el Instituto Superior de Formaci\u00f3n y Desarrollo Humano (Fodehum);\u00a0la Escuela de la Cruz Roja; el Centro de Formaci\u00f3n para el Trabajo Municipal de Rafael Calzada, y el Instituto Gastron\u00f3mico de las Am\u00e9ricas (IGA). entre otras.<\/p>\n<p>De la jornada participaron tambi\u00e9n el secretario de Educaci\u00f3n, Eduardo Fabiani; el subsecretario de Educaci\u00f3n, Sergio Pianciola, el director de Juventud, Agust\u00edn Fredes; la Inspectora Jefa Distrital Mar\u00eda In\u00e9s Centuri\u00f3n; la subdirectora de la Direcci\u00f3n Provincial de Psicologia Comunitaria y Pedagog\u00eda Social, Ilda Dom\u00ednguez, y la Consejera General de Educaci\u00f3n y Cultura bonaerense, Mar\u00eda Cristina Vilotta, adem\u00e1s de docentes, alumnos y alumnas, entre otros<\/p>\n<p>Por \u00faltimo, es importante destacar que en los pr\u00f3ximos d\u00edas comenzar\u00e1n a dictarse las clases de las primeras tres tecnicaturas universitarias de la Universidad Nacional Guillermo Brown (UNAB). Se trata de las carreras de Automatizaci\u00f3n y Control; Log\u00edstica\u00a0 y Transporte; y Gesti\u00f3n de las Comunicaciones, las cuales se llevar\u00e1n adelante en la Casa Municipal.<\/p>\n<\/div>\n","protected":false},"excerpt":{"rendered":"<p>El intendente de Almirante Brown, Mariano Cascallares, puso en marcha por tercer a\u00f1o consecutivo la Expo Orientaci\u00f3n para la Educaci\u00f3n<\/p>\n","protected":false},"author":1,"featured_media":18673,"comment_status":"closed","ping_status":"closed","sticky":false,"template":"","format":"standard","meta":{"kia_subtitle":"","footnotes":"","jetpack_publicize_message":"","jetpack_publicize_feature_enabled":true,"jetpack_social_post_already_shared":true,"jetpack_social_options":{"image_generator_settings":{"template":"highway","default_image_id":0,"font":"","enabled":false},"version":2}},"categories":[33,2],"tags":[915,1816,1817],"class_list":["post-18672","post","type-post","status-publish","format-standard","has-post-thumbnail","hentry","category-alte-brown-alte-brown","category-alte-brown","tag-cascallarespj","tag-expo-orientacion-para-la-educacion-y-el-trabajo-abriendo-caminos","tag-universidad-nacional-almirante-brown"],"jetpack_publicize_connections":[],"jetpack_featured_media_url":"https:\/\/laurbedigital.com.ar\/noticias\/wp-content\/uploads\/2019\/08\/21090829-brown1.jpg","_links":{"self":[{"href":"https:\/\/laurbedigital.com.ar\/noticias\/wp-json\/wp\/v2\/posts\/18672","targetHints":{"allow":["GET"]}}],"collection":[{"href":"https:\/\/laurbedigital.com.ar\/noticias\/wp-json\/wp\/v2\/posts"}],"about":[{"href":"https:\/\/laurbedigital.com.ar\/noticias\/wp-json\/wp\/v2\/types\/post"}],"author":[{"embeddable":true,"href":"https:\/\/laurbedigital.com.ar\/noticias\/wp-json\/wp\/v2\/users\/1"}],"replies":[{"embeddable":true,"href":"https:\/\/laurbedigital.com.ar\/noticias\/wp-json\/wp\/v2\/comments?post=18672"}],"version-history":[{"count":1,"href":"https:\/\/laurbedigital.com.ar\/noticias\/wp-json\/wp\/v2\/posts\/18672\/revisions"}],"predecessor-version":[{"id":18674,"href":"https:\/\/laurbedigital.com.ar\/noticias\/wp-json\/wp\/v2\/posts\/18672\/revisions\/18674"}],"wp:featuredmedia":[{"embeddable":true,"href":"https:\/\/laurbedigital.com.ar\/noticias\/wp-json\/wp\/v2\/media\/18673"}],"wp:attachment":[{"href":"https:\/\/laurbedigital.com.ar\/noticias\/wp-json\/wp\/v2\/media?parent=18672"}],"wp:term":[{"taxonomy":"category","embeddable":true,"href":"https:\/\/laurbedigital.com.ar\/noticias\/wp-json\/wp\/v2\/categories?post=18672"},{"taxonomy":"post_tag","embeddable":true,"href":"https:\/\/laurbedigital.com.ar\/noticias\/wp-json\/wp\/v2\/tags?post=18672"}],"curies":[{"name":"wp","href":"https:\/\/api.w.org\/{rel}","templated":true}]}}