{"id":18638,"date":"2019-08-26T16:29:48","date_gmt":"2019-08-26T19:29:48","guid":{"rendered":"http:\/\/laurbedigital.com.ar\/noticias\/?p=18638"},"modified":"2019-08-26T16:29:48","modified_gmt":"2019-08-26T19:29:48","slug":"municipio-alte-brown-instalo-luces-led-sumo-equipamiento-finalizar-la-obra","status":"publish","type":"post","link":"https:\/\/laurbedigital.com.ar\/noticias\/2019\/08\/26\/municipio-alte-brown-instalo-luces-led-sumo-equipamiento-finalizar-la-obra\/","title":{"rendered":"El Municipio de Alte Brown instal\u00f3 luces LED y sum\u00f3 equipamiento para finalizar la obra"},"content":{"rendered":"<div>\n<div id=\"m_-7725388651365572136ydp2998fe7dyiv9844703387ydpa109f999yiv2568858432ydpbf2aa309yiv3543476895\">\n<div id=\"m_-7725388651365572136ydp2998fe7dyiv9844703387ydpa109f999yiv2568858432ydpbf2aa309yiv3543476895ydpdba9ec05yahoo_quoted_4218159377\">\n<div>\n<div id=\"m_-7725388651365572136ydp2998fe7dyiv9844703387ydpa109f999yiv2568858432ydpbf2aa309yiv3543476895ydpdba9ec05yiv5357616468\">\n<div>\n<div>El Municipio de Almirante Brown inform\u00f3 que ya se trabaja en la instalaci\u00f3n de luminarias con tecnolog\u00eda LED en toda la traza de la avenida Tom\u00e1s Espora, hasta el l\u00edmite con Guernica. Mientras tanto suman equipamiento para esta obra hist\u00f3rica que beneficia a m\u00e1s de 200.000 vecinos.<\/div>\n<\/div>\n<\/div>\n<\/div>\n<\/div>\n<\/div>\n<\/div>\n<div>\n<div id=\"m_-7725388651365572136ydp2998fe7dyiv9844703387ydpa109f999yiv2568858432ydpbf2aa309yiv3543476895yqtfd48441\">\n<div dir=\"ltr\">\nEl Municipio de Almirante Brown inform\u00f3 que est\u00e1 instalando luminarias con tecnolog\u00eda LED a lo largo de toda la nueva traza de la Avenida Tom\u00e1s que ya llega asfaltada hasta la localidad de Guernica, en el l\u00edmite con el Partido de Presidente Per\u00f3n, haciendo realidad una conexi\u00f3n que beneficia a m\u00e1s de 200.000 vecinos.<\/div>\n<div dir=\"ltr\">\nDesde la gesti\u00f3n que encabeza el intendente Mariano Cascallares precisaron que la obra, que incluye\u00a0<span lang=\"ES\">pavimentaci\u00f3n, iluminaci\u00f3n mediante la instalaci\u00f3n de luces LED y saneamiento hidr\u00e1ulico,<\/span><span lang=\"ES\">\u00a0<\/span>se encuentra en un 90 por ciento de ejecuci\u00f3n y que se terminar\u00e1 antes de que finalice el a\u00f1o en curso.<\/div>\n<div dir=\"ltr\"><\/div>\n<div dir=\"ltr\">Adem\u00e1s de las luminarias, el Municipio ya realiza trabajos de embellecimiento en el cantero divisor de ambas manos y suma equipamiento y veredas en proximidades de la nueva autov\u00eda que atraviesa Ministro Rivadavia, Longchamps y Glew.<\/div>\n<p>La obra ya complet\u00f3 toda una primera etapa de pavimentaci\u00f3n con hormig\u00f3n h11, que tiene una capa de 12 cent\u00edmetros, hasta el l\u00edmite con Presidente Per\u00f3n, donde se construy\u00f3 una avenida de 9 metros de ancho con doble mano, sin separaci\u00f3n, producto del loteo original.<\/p>\n<div>\u00abLo prometimos y estamos cumpliendo: con esta nueva v\u00eda agilizamos el tr\u00e1nsito en Glew, Longchamps y Ministro Rivadavia beneficiando a m\u00e1s de 200 mil vecinos que ahora contar\u00e1n con un nuevo acceso seguro y bien iluminado con tecnolog\u00eda LED como ya se est\u00e1 viendo en estos d\u00edas\u00bb, agreg\u00f3 Mariano Cascallares.<\/div>\n<div>\nEn lo que respecta a conductos y entubados, ya se ejecutaron las ca\u00f1er\u00edas del tramo que va de Leyes hasta Capit\u00e1n Olivera; otro de Yapey\u00fa hasta Carlos Diehl, y tambi\u00e9n dos conductos que entran al barrio Gendarmer\u00eda: uno en la calle Ayala y otro en Renato Presa.<\/div>\n<\/div>\n<\/div>\n","protected":false},"excerpt":{"rendered":"<p>El Municipio de Almirante Brown inform\u00f3 que ya se trabaja en la instalaci\u00f3n de luminarias con tecnolog\u00eda LED en toda<\/p>\n","protected":false},"author":1,"featured_media":18639,"comment_status":"closed","ping_status":"closed","sticky":false,"template":"","format":"standard","meta":{"kia_subtitle":"","footnotes":"","jetpack_publicize_message":"","jetpack_publicize_feature_enabled":true,"jetpack_social_post_already_shared":true,"jetpack_social_options":{"image_generator_settings":{"template":"highway","default_image_id":0,"font":"","enabled":false},"version":2}},"categories":[2,33],"tags":[1800,1566],"class_list":["post-18638","post","type-post","status-publish","format-standard","has-post-thumbnail","hentry","category-alte-brown","category-alte-brown-alte-brown","tag-avenida-espora-almirante-brown","tag-mas-obras-en-almirante-brown"],"jetpack_publicize_connections":[],"jetpack_featured_media_url":"https:\/\/laurbedigital.com.ar\/noticias\/wp-content\/uploads\/2019\/08\/21090826-brown.jpg","_links":{"self":[{"href":"https:\/\/laurbedigital.com.ar\/noticias\/wp-json\/wp\/v2\/posts\/18638","targetHints":{"allow":["GET"]}}],"collection":[{"href":"https:\/\/laurbedigital.com.ar\/noticias\/wp-json\/wp\/v2\/posts"}],"about":[{"href":"https:\/\/laurbedigital.com.ar\/noticias\/wp-json\/wp\/v2\/types\/post"}],"author":[{"embeddable":true,"href":"https:\/\/laurbedigital.com.ar\/noticias\/wp-json\/wp\/v2\/users\/1"}],"replies":[{"embeddable":true,"href":"https:\/\/laurbedigital.com.ar\/noticias\/wp-json\/wp\/v2\/comments?post=18638"}],"version-history":[{"count":1,"href":"https:\/\/laurbedigital.com.ar\/noticias\/wp-json\/wp\/v2\/posts\/18638\/revisions"}],"predecessor-version":[{"id":18640,"href":"https:\/\/laurbedigital.com.ar\/noticias\/wp-json\/wp\/v2\/posts\/18638\/revisions\/18640"}],"wp:featuredmedia":[{"embeddable":true,"href":"https:\/\/laurbedigital.com.ar\/noticias\/wp-json\/wp\/v2\/media\/18639"}],"wp:attachment":[{"href":"https:\/\/laurbedigital.com.ar\/noticias\/wp-json\/wp\/v2\/media?parent=18638"}],"wp:term":[{"taxonomy":"category","embeddable":true,"href":"https:\/\/laurbedigital.com.ar\/noticias\/wp-json\/wp\/v2\/categories?post=18638"},{"taxonomy":"post_tag","embeddable":true,"href":"https:\/\/laurbedigital.com.ar\/noticias\/wp-json\/wp\/v2\/tags?post=18638"}],"curies":[{"name":"wp","href":"https:\/\/api.w.org\/{rel}","templated":true}]}}