{"id":18599,"date":"2019-08-22T13:35:30","date_gmt":"2019-08-22T16:35:30","guid":{"rendered":"http:\/\/laurbedigital.com.ar\/noticias\/?p=18599"},"modified":"2019-08-22T13:35:30","modified_gmt":"2019-08-22T16:35:30","slug":"alte-brown-celebra-borges-120-anos-nacimiento","status":"publish","type":"post","link":"https:\/\/laurbedigital.com.ar\/noticias\/2019\/08\/22\/alte-brown-celebra-borges-120-anos-nacimiento\/","title":{"rendered":"Alte Brown celebra a Borges a 120 a\u00f1os de su nacimiento"},"content":{"rendered":"<div>A 120 a\u00f1os del aniversario de su natalicio, el Gobierno Municipal de Almirante Brown evocar\u00e1 a Jorge Luis Borges con charlas abiertas, proyecciones, narraciones y exhibiciones sobre su vida y obra.<\/div>\n<p>La cita ser\u00e1 del viernes 23 al domingo 25 de agosto en Casa Borges -Plaza Brown 301, Adrogu\u00e9- \u00fanico espacio en el mundo que, destinado a investigar y difundir su labor art\u00edstica, fuera habitado por el mism\u00edsimo escritor en sucesivos veranos de su juventud.<\/p>\n<p>El viernes 23 desde las 18 horas se llevar\u00e1 a cabo la charla abierta titulada \u201cBorges y el sur. Nuestro pueblo en la vida y obra de Jorge Luis Borges\u201d, a cargo de la licenciada en Letras Teresa L\u00f3pez.<\/p>\n<p>El s\u00e1bado 24 en el mismo horario, el escritor Mat\u00edas Alinovi presentar\u00e1 el documental sobre Borges realizado en Adrogu\u00e9, Palermo y dem\u00e1s zonas de la ciudad de Buenos Aires para el programa \u201cInvitaci\u00f3n al Viaje\u201d de la cadena de televisi\u00f3n franco alemana.<\/p>\n<p>Finalmente, el domingo 25 desde las 17 horas se exhibir\u00e1n libros y documentaci\u00f3n del profesor Jaime Veas Oyarzo; en tanto habr\u00e1 m\u00fasica en vivo y narraci\u00f3n de cuentos \u201cpara adultos y no tanto\u201d, a cargo de la Compa\u00f1\u00eda Sur Narra.<\/p>\n<div>Cabe destacar que desde la ventana de lo que hoy es Casa Borges, dicha figura se inspir\u00f3 en m\u00e1s de un poema.<\/div>\n<div><\/div>\n<div>Sol\u00eda decir Borges de la ciudad que lo alberg\u00f3 durante sus primeros a\u00f1os: \u201c\u00bbEn cualquier parte del mundo en que me encuentre cuando siento el olor de los eucaliptos, estoy en Adrogu\u00e9\u201d. \u201cMuchos argumentos, muchas escenas, muchos poemas que he imaginado, nacieron en Adrogu\u00e9 o se sit\u00faan en ella.\u00a0Siempre que hablo de jardines, siempre que hablo de \u00e1rboles, estoy en Adrogu\u00e9; he pensado en esta ciudad, no es necesario que la nombre\u00bb.<\/div>\n<div><\/div>\n","protected":false},"excerpt":{"rendered":"<p>A 120 a\u00f1os del aniversario de su natalicio, el Gobierno Municipal de Almirante Brown evocar\u00e1 a Jorge Luis Borges con<\/p>\n","protected":false},"author":1,"featured_media":18602,"comment_status":"closed","ping_status":"closed","sticky":false,"template":"","format":"standard","meta":{"kia_subtitle":"","footnotes":"","jetpack_publicize_message":"","jetpack_publicize_feature_enabled":true,"jetpack_social_post_already_shared":true,"jetpack_social_options":{"image_generator_settings":{"template":"highway","default_image_id":0,"font":"","enabled":false},"version":2}},"categories":[2,51,33],"tags":[915,1791,892,1792,1744],"class_list":["post-18599","post","type-post","status-publish","format-standard","has-post-thumbnail","hentry","category-alte-brown","category-adrogue","category-alte-brown-alte-brown","tag-cascallarespj","tag-casa-borges-adrogue","tag-cultura-almirante-brown","tag-jorge-luis-borges","tag-municipio-de-almirante-brown"],"jetpack_publicize_connections":[],"jetpack_featured_media_url":"https:\/\/laurbedigital.com.ar\/noticias\/wp-content\/uploads\/2019\/08\/21090822-brow.jpg","_links":{"self":[{"href":"https:\/\/laurbedigital.com.ar\/noticias\/wp-json\/wp\/v2\/posts\/18599","targetHints":{"allow":["GET"]}}],"collection":[{"href":"https:\/\/laurbedigital.com.ar\/noticias\/wp-json\/wp\/v2\/posts"}],"about":[{"href":"https:\/\/laurbedigital.com.ar\/noticias\/wp-json\/wp\/v2\/types\/post"}],"author":[{"embeddable":true,"href":"https:\/\/laurbedigital.com.ar\/noticias\/wp-json\/wp\/v2\/users\/1"}],"replies":[{"embeddable":true,"href":"https:\/\/laurbedigital.com.ar\/noticias\/wp-json\/wp\/v2\/comments?post=18599"}],"version-history":[{"count":3,"href":"https:\/\/laurbedigital.com.ar\/noticias\/wp-json\/wp\/v2\/posts\/18599\/revisions"}],"predecessor-version":[{"id":18603,"href":"https:\/\/laurbedigital.com.ar\/noticias\/wp-json\/wp\/v2\/posts\/18599\/revisions\/18603"}],"wp:featuredmedia":[{"embeddable":true,"href":"https:\/\/laurbedigital.com.ar\/noticias\/wp-json\/wp\/v2\/media\/18602"}],"wp:attachment":[{"href":"https:\/\/laurbedigital.com.ar\/noticias\/wp-json\/wp\/v2\/media?parent=18599"}],"wp:term":[{"taxonomy":"category","embeddable":true,"href":"https:\/\/laurbedigital.com.ar\/noticias\/wp-json\/wp\/v2\/categories?post=18599"},{"taxonomy":"post_tag","embeddable":true,"href":"https:\/\/laurbedigital.com.ar\/noticias\/wp-json\/wp\/v2\/tags?post=18599"}],"curies":[{"name":"wp","href":"https:\/\/api.w.org\/{rel}","templated":true}]}}