{"id":18486,"date":"2019-08-11T15:52:49","date_gmt":"2019-08-11T18:52:49","guid":{"rendered":"http:\/\/laurbedigital.com.ar\/noticias\/?p=18486"},"modified":"2019-08-11T15:52:49","modified_gmt":"2019-08-11T18:52:49","slug":"lo-resta-2019-uno-cuatro-empresarios-debera-despedir-personal","status":"publish","type":"post","link":"https:\/\/laurbedigital.com.ar\/noticias\/2019\/08\/11\/lo-resta-2019-uno-cuatro-empresarios-debera-despedir-personal\/","title":{"rendered":"Para lo que resta de 2019, uno de cada cuatro empresarios deber\u00e1 despedir personal"},"content":{"rendered":"<p>Seg\u00fan la encuesta de expectativas de la industria manufacturera elaborada por el Instituto Nacional de Estad\u00edstica y Censos (INDEC), un 24,9 por ciento de los empresarios industriales cesantear\u00eda trabajadores, mientras que solo un 6,6 har\u00eda incorporaciones.<\/p>\n<p>La encuesta del Indec,\u00a0correspondiente al tercer trimestre de 2019,se\u00f1ala que un 24,9 por ciento de las industrias consultadas consider\u00f3 que deber\u00e1 despedir empleados, mientras que solo un 6,6 cree que aumentar\u00e1 su personal. Para un 68,5 por ciento, su plantilla no variar\u00e1.<\/p>\n<p>Respecto de las expectativas de la industria manufacturera, el informe\u00a0revela que casi un 30 por ciento de los empresarios estim\u00f3 que bajar\u00e1 la utilizaci\u00f3n de maquinaria instalada;\u00a0resultados que muestran que las empresas no avizoran el mejor escenario para los meses previos a las elecciones presidenciales de octubre.<\/p>\n<p>Por otro lado, un 30,7 por ciento de las directivos de las empresas entrevistados, estima que habr\u00e1 un descenso en los stocks de productos terminados, en tanto que para el \u00a020,5 %, habr\u00e1 un aumento.<\/p>\n<p>En ese sentido, un 28,6 por ciento se\u00f1al\u00f3 que disminuir\u00e1 la cantidad de horas trabajadas del personal afectado al proceso productivo, mientras que, para un 8,3, subir\u00e1. Un 63,1 por ciento no ve una variaci\u00f3n.<\/p>\n<p>En lo que respecta a la utilizaci\u00f3n de maquinaria instalada, un 29,3 por ciento indic\u00f3 que disminuir\u00e1, mientras que un 15,1 vio un aumento. Adem\u00e1s, para un 30,7 por ciento de las firmas entrevistadas, habr\u00e1 un descenso en los stocks de productos terminados, en tanto que habr\u00e1 un aumento para un 20,5.<\/p>\n<p>En cuanto a las importaciones totales de insumos utilizados en el proceso productivo, un 28,8 por ciento de las f\u00e1bricas habl\u00f3 de una disminuci\u00f3n y solo un 12,5, de una mejora. Por \u00faltimo, un 36,3 por ciento pronostic\u00f3 una baja en la demanda interna, mientras que poco m\u00e1s de un 20 fue optimista sobre un aumento en ella. (Ig)<\/p>\n","protected":false},"excerpt":{"rendered":"<p>Seg\u00fan la encuesta de expectativas de la industria manufacturera elaborada por el Instituto Nacional de Estad\u00edstica y Censos (INDEC), un<\/p>\n","protected":false},"author":1,"featured_media":18487,"comment_status":"closed","ping_status":"closed","sticky":false,"template":"","format":"standard","meta":{"kia_subtitle":"","footnotes":"","jetpack_publicize_message":"","jetpack_publicize_feature_enabled":true,"jetpack_social_post_already_shared":true,"jetpack_social_options":{"image_generator_settings":{"template":"highway","default_image_id":0,"font":"","enabled":false},"version":2}},"categories":[3,41],"tags":[1751,1221,137,1158],"class_list":["post-18486","post","type-post","status-publish","format-standard","has-post-thumbnail","hentry","category-actualidad","category-nacionales","tag-crisis-en-la-industria-en-argentina","tag-desempleo","tag-despidos","tag-indec"],"jetpack_publicize_connections":[],"jetpack_featured_media_url":"https:\/\/laurbedigital.com.ar\/noticias\/wp-content\/uploads\/2019\/08\/20190811-brown.jpg","_links":{"self":[{"href":"https:\/\/laurbedigital.com.ar\/noticias\/wp-json\/wp\/v2\/posts\/18486","targetHints":{"allow":["GET"]}}],"collection":[{"href":"https:\/\/laurbedigital.com.ar\/noticias\/wp-json\/wp\/v2\/posts"}],"about":[{"href":"https:\/\/laurbedigital.com.ar\/noticias\/wp-json\/wp\/v2\/types\/post"}],"author":[{"embeddable":true,"href":"https:\/\/laurbedigital.com.ar\/noticias\/wp-json\/wp\/v2\/users\/1"}],"replies":[{"embeddable":true,"href":"https:\/\/laurbedigital.com.ar\/noticias\/wp-json\/wp\/v2\/comments?post=18486"}],"version-history":[{"count":1,"href":"https:\/\/laurbedigital.com.ar\/noticias\/wp-json\/wp\/v2\/posts\/18486\/revisions"}],"predecessor-version":[{"id":18488,"href":"https:\/\/laurbedigital.com.ar\/noticias\/wp-json\/wp\/v2\/posts\/18486\/revisions\/18488"}],"wp:featuredmedia":[{"embeddable":true,"href":"https:\/\/laurbedigital.com.ar\/noticias\/wp-json\/wp\/v2\/media\/18487"}],"wp:attachment":[{"href":"https:\/\/laurbedigital.com.ar\/noticias\/wp-json\/wp\/v2\/media?parent=18486"}],"wp:term":[{"taxonomy":"category","embeddable":true,"href":"https:\/\/laurbedigital.com.ar\/noticias\/wp-json\/wp\/v2\/categories?post=18486"},{"taxonomy":"post_tag","embeddable":true,"href":"https:\/\/laurbedigital.com.ar\/noticias\/wp-json\/wp\/v2\/tags?post=18486"}],"curies":[{"name":"wp","href":"https:\/\/api.w.org\/{rel}","templated":true}]}}