{"id":18303,"date":"2019-07-11T18:35:52","date_gmt":"2019-07-11T21:35:52","guid":{"rendered":"http:\/\/laurbedigital.com.ar\/noticias\/?p=18303"},"modified":"2019-07-11T18:35:52","modified_gmt":"2019-07-11T21:35:52","slug":"la-asociacion-medica-almirante-brown-80-anos-historia-servicios-la-comunidad","status":"publish","type":"post","link":"https:\/\/laurbedigital.com.ar\/noticias\/2019\/07\/11\/la-asociacion-medica-almirante-brown-80-anos-historia-servicios-la-comunidad\/","title":{"rendered":"La asociaci\u00f3n M\u00e9dica de Almirante Brown: 80 a\u00f1os de historia de servicios a la comunidad"},"content":{"rendered":"<p>El 23 de abril de 1939 se cre\u00f3 la Asociaci\u00f3n M\u00e9dica de Almirante Brown. La primera reuni\u00f3n institucional convocada por los doctores Francisco Filardi y H\u00e9ctor S\u00e1nchez, se realiz\u00f3 en el Club Social Adrogu\u00e9, con el nombre de C\u00edrculo M\u00e9dico del Partido de Almirante Brown.<\/p>\n<p>La entidad se inici\u00f3 con el fin de cumplir con una tarea social, cultural y deportiva de los profesionales m\u00e9dicos.<\/p>\n<p>En la primera acta constitutiva figuran los pioneros m\u00e9dicos cuya \u201cvoluntad, tes\u00f3n y visi\u00f3n hicieron posible nuestra actual Asociaci\u00f3n M\u00e9dica de Almirante Brown\u201d. En aquella reuni\u00f3n los doctores Arturo Amuch\u00e1stegui, Victorio Arati, Joaqu\u00edn Esoin, C\u00e9sar Agustinelli, Francisco Filardi, Ricardo Subir\u00e1, Alfredo Loizaga, H\u00e9ctor Jorge S\u00e1nchez y Ricardo P\u00e9rez, comisionan a los doctores H\u00e9ctor S\u00e1nchez y Francisco Filardi a elaborar un proyecto de estatuto.<\/p>\n<p>La primera sede funcion\u00f3 en la ciudad de Burzaco, en un local cedido por uno de los integrantes, luego se traslad\u00f3 a la ciudad de Adrogu\u00e9 sobre la calle La Rosa, local tambi\u00e9n cedido por un integrante de este primer C\u00edrculo M\u00e9dico, el doctor Aranda.<\/p>\n<p>La actual Cruz Roja de Adrogu\u00e9 fue quien nos alberg\u00f3 por \u00faltima vez.<\/p>\n<p>En el a\u00f1o 1973 se compr\u00f3 la propiedad ubicada en la calle Mac\u00edas 443 de la ciudad de Adrogu\u00e9 la cual se refaccion\u00f3 y ampli\u00f3 y es donde funciona actualmente la sede de la A.M.A.B con su actual estructura edilicia.<\/p>\n<p>Desde sus medios publican que \u201choy m\u00e1s que nunca se hace presente el esp\u00edritu que movieron a nuestros fundadores, trazando la meta primordial de congregar, facilitar, apoyar, desarrollar y dar trabajo a los profesionales m\u00e9dicos reunidos en esta Asociaci\u00f3n\u201d.<\/p>\n<p>Entre la d\u00e9cada del 70 y el 80 las Entidades Primarias y entre ellas la A.M.A.B, experimentaron la mayor actividad en lo que se refiere al trabajo y convenios con las Obras Sociales.<\/p>\n<p>A fines de la d\u00e9cada del 80 comenz\u00f3 un cambio de modelo con marcado perjuicio para las Entidades M\u00e9dicas. En Noviembre del 91 de produjo un hecho pol\u00edtico muy importante. La Asociaci\u00f3n M\u00e9dica de Almirante Brown, junto a la Asociaci\u00f3n de M\u00e9dicos de San Mart\u00edn y 3 de Febrero, el C\u00edrculo M\u00e9dico de Mor\u00f3n, el C\u00edrculo M\u00e9dico de la Matanza y el C\u00edrculo M\u00e9dico de Lomas de Zamora se desprenden de la FEMEBA para fundar la Federaci\u00f3n M\u00e9dica del Conurbano, FEMECON. Posteriormente se incorporaron los C\u00edrculos M\u00e9dicos de San Isidro, Vicente L\u00f3pez, Esteban Echeverr\u00eda y la Agremiaci\u00f3n M\u00e9dica de Ezeiza.<\/p>\n<p>La Federaci\u00f3n es integrada por 9 entidades con 7000 m\u00e9dicos asociados.\u00a0 Lo importante de la d\u00e9cada del 90 y el 2000 es que las Federaciones y las entidades m\u00e9dicas estuvieron obligadas a buscar nuevas formas y fuentes laborales adapt\u00e1ndose a los constantes cambios en la modalidad de atenci\u00f3n.<\/p>\n<p>En la Asociaci\u00f3n, en el a\u00f1o 1979, se produjo uno de los hechos m\u00e1s relevantes, se concret\u00f3 el prepago gremial SAMI, hoy SAMI SALUD, con el objeto de promover y proveer la salud de la comunidad local. Se convierte asimismo en una fuente generadora de recursos genuinos a m\u00e1s de mil profesionales de la salud.<\/p>\n<p>La A.M.A.B, mantiene el esp\u00edritu de sus creadores siendo sede de reuniones sociales, cient\u00edficas, culturales, deportivas y lugar de fraterno encuentro de la comunidad m\u00e9dica.<\/p>\n","protected":false},"excerpt":{"rendered":"<p>El 23 de abril de 1939 se cre\u00f3 la Asociaci\u00f3n M\u00e9dica de Almirante Brown. La primera reuni\u00f3n institucional convocada por<\/p>\n","protected":false},"author":1,"featured_media":18304,"comment_status":"closed","ping_status":"closed","sticky":false,"template":"","format":"standard","meta":{"kia_subtitle":"","footnotes":"","jetpack_publicize_message":"","jetpack_publicize_feature_enabled":true,"jetpack_social_post_already_shared":true,"jetpack_social_options":{"image_generator_settings":{"template":"highway","default_image_id":0,"font":"","enabled":false},"version":2}},"categories":[66,33],"tags":[1697],"class_list":["post-18303","post","type-post","status-publish","format-standard","has-post-thumbnail","hentry","category-interes-2","category-alte-brown-alte-brown","tag-asociacion-medica-almirante-brown"],"jetpack_publicize_connections":[],"jetpack_featured_media_url":"https:\/\/laurbedigital.com.ar\/noticias\/wp-content\/uploads\/2019\/07\/20190711-brown1.jpg","_links":{"self":[{"href":"https:\/\/laurbedigital.com.ar\/noticias\/wp-json\/wp\/v2\/posts\/18303","targetHints":{"allow":["GET"]}}],"collection":[{"href":"https:\/\/laurbedigital.com.ar\/noticias\/wp-json\/wp\/v2\/posts"}],"about":[{"href":"https:\/\/laurbedigital.com.ar\/noticias\/wp-json\/wp\/v2\/types\/post"}],"author":[{"embeddable":true,"href":"https:\/\/laurbedigital.com.ar\/noticias\/wp-json\/wp\/v2\/users\/1"}],"replies":[{"embeddable":true,"href":"https:\/\/laurbedigital.com.ar\/noticias\/wp-json\/wp\/v2\/comments?post=18303"}],"version-history":[{"count":1,"href":"https:\/\/laurbedigital.com.ar\/noticias\/wp-json\/wp\/v2\/posts\/18303\/revisions"}],"predecessor-version":[{"id":18305,"href":"https:\/\/laurbedigital.com.ar\/noticias\/wp-json\/wp\/v2\/posts\/18303\/revisions\/18305"}],"wp:featuredmedia":[{"embeddable":true,"href":"https:\/\/laurbedigital.com.ar\/noticias\/wp-json\/wp\/v2\/media\/18304"}],"wp:attachment":[{"href":"https:\/\/laurbedigital.com.ar\/noticias\/wp-json\/wp\/v2\/media?parent=18303"}],"wp:term":[{"taxonomy":"category","embeddable":true,"href":"https:\/\/laurbedigital.com.ar\/noticias\/wp-json\/wp\/v2\/categories?post=18303"},{"taxonomy":"post_tag","embeddable":true,"href":"https:\/\/laurbedigital.com.ar\/noticias\/wp-json\/wp\/v2\/tags?post=18303"}],"curies":[{"name":"wp","href":"https:\/\/api.w.org\/{rel}","templated":true}]}}