{"id":1826,"date":"2016-03-11T19:47:43","date_gmt":"2016-03-11T22:47:43","guid":{"rendered":"http:\/\/laurbedigital.com.ar\/noticias\/?p=1826"},"modified":"2016-03-11T19:47:43","modified_gmt":"2016-03-11T22:47:43","slug":"fallecio-roberto-perfumo","status":"publish","type":"post","link":"https:\/\/laurbedigital.com.ar\/noticias\/2016\/03\/11\/fallecio-roberto-perfumo\/","title":{"rendered":"Falleci\u00f3 Roberto Perfumo"},"content":{"rendered":"<p>Uno de los mejores defensores. Sufri\u00f3 un aneurisma en un restaurante, se cay\u00f3 por la escalera y tuvo fractura de cr\u00e1neo. Lo internaron pero no se repuso. Ten\u00eda 73 a\u00f1os.<\/p>\n<p>El ex futbolista de Racing, River, Cruzeiro y la selecci\u00f3n argentina y comentarista deportivo Roberto Perfumo falleci\u00f3 ayer a la tarde luego de permanecer internado en grave estado desde la madrugada, tras sufrir un aneurisma que le provoc\u00f3 una ca\u00edda por una escalera y que termin\u00f3 con un fuerte golpe en la cabeza que le produjo una triple fractura de cr\u00e1neo.<\/p>\n<p align=\"justify\">Seg\u00fan confirm\u00f3 su familia, el Mariscal muri\u00f3 poco despu\u00e9s de las 19 en la Cl\u00ednica de Los Arcos, en el barrio porte\u00f1o de Recoleta, donde hab\u00eda sido derivado a la ma\u00f1ana tras recibir las primeras curaciones en el Hospital Argerich.<\/p>\n<p align=\"justify\">\u00abAlrededor de las 2.26 de la madrugada se recibi\u00f3 en el Same un pedido de auxilio de un restaurante de Puerto Madero donde una persona hab\u00eda sufrido una ca\u00edda importante por la escalera\u00bb, revel\u00f3 el titular del Same (Servicio de Emergencia Sanitario), Alberto Crescenti.<\/p>\n<p align=\"justify\">\u00abAl arribar nos encontramos con que era el se\u00f1or Perfumo, quien recibi\u00f3 atenci\u00f3n en el lugar y luego fue trasladado al Hospital Argerich\u00bb, agreg\u00f3 Crescenti.<\/p>\n<p align=\"justify\">El periodista Horacio Pagani era uno de los que acompa\u00f1aba a Perfumo en el restaurante Carletto, cuando se descompuso.<\/p>\n<p align=\"justify\">\u00abFue un aneurisma y eso le provoc\u00f3 la ca\u00edda. Es una noticia tremenda para nosotros\u00bb, dijo el periodista, que compart\u00eda con Perfumo un programa de f\u00fatbol y tangos en Radio Nacional de Buenos Aires.<\/p>\n<p align=\"justify\">Otro de los comensales se trataba del m\u00e9dico Roberto Paladino, quien dio la versi\u00f3n m\u00e1s cruda sobre la descompensaci\u00f3n y el accidente (ver recuadro).<\/p>\n<p align=\"justify\">Perfumo asist\u00eda todos los mi\u00e9rcoles al restaurante Carletto junto a sus amigos a cenar luego de grabar el programa \u00abHablemos de F\u00fatbol\u00bb, que se emite por Espn. El mi\u00e9rcoles no hab\u00eda llegado a filmar su participaci\u00f3n y se esperaba que lo hiciera ayer.<\/p>\n<p align=\"justify\">De 73 a\u00f1os, el Mariscal, tras dejar su carrera como entrenador se dedic\u00f3 a trabajar en los medios de comunicaci\u00f3n y actualmente lo hac\u00eda en F\u00fatbol Para Todos, Radio Nacional y el Diario Ol\u00e9.<\/p>\n<p align=\"justify\">Nacido en Sarand\u00ed el 3 de octubre de 1942, Perfumo se destac\u00f3 como futbolista en sus pasos por Racing, River, Cruzeiro de Brasil y la selecci\u00f3n. Pero no la tuvo f\u00e1cil. Antes de llegar a las inferiores millonarias, donde jug\u00f3 hasta la quinta divisi\u00f3n, fue rechazado en Lan\u00fas y en Independiente.<\/p>\n<p align=\"justify\">En N\u00fa\u00f1ez, luego de que le dijeran que se dedicara a otra cosa (era tornero), decidi\u00f3 irse a Racing y en la Academia forj\u00f3 una carrera inolvidable. All\u00ed hizo su debut en primera y gan\u00f3 el torneo local de 1966 y las copas Libertadores e Intercontinental de 1967, t\u00edtulos muy recordados en Avellaneda.<\/p>\n<p align=\"justify\">Luego, en Brasil, conquist\u00f3 tres campeonatos mineiros y una Copa de Minas Gerais. M\u00e1s tarde, en su regreso al Millonario obtuvo otros tres t\u00edtulos: los Metropolitanos 75 y 77 y el Nacional 75.<\/p>\n<p align=\"justify\">Su paso por el seleccionado argentino tambi\u00e9n es recordado, aunque no pudo alcanzar ning\u00fan t\u00edtulo con la celeste y blanca. S\u00ed pudo disputar los mundiales de Inglaterra 1966 y Alemania 1974.<\/p>\n<p align=\"justify\">El Mariscal, considerado uno de los mejores defensores de la historia en Argentina, colg\u00f3 los botines en 1978 y tres a\u00f1os m\u00e1s tarde tuvo su primera experiencia como DT en Sarmiento de Jun\u00edn. Luego de un parate dirigi\u00f3 a su amado Racing y m\u00e1s tarde a Olimpia de Paraguay. All\u00ed alcanz\u00f3 su primera corona en el cargo: gan\u00f3 el Torneo de la Rep\u00fablica de 1992. Su \u00faltimo club fue Gimnasia de La Plata, club con el que alcanz\u00f3 la Copa Centenario en 1993.<\/p>\n<p align=\"justify\">Despu\u00e9s de esa experiencia como entrenador, el ex marcador central trabaj\u00f3 en el periodismo.<\/p>\n","protected":false},"excerpt":{"rendered":"<p>Uno de los mejores defensores. Sufri\u00f3 un aneurisma en un restaurante, se cay\u00f3 por la escalera y tuvo fractura de<\/p>\n","protected":false},"author":1,"featured_media":1827,"comment_status":"closed","ping_status":"closed","sticky":false,"template":"","format":"standard","meta":{"kia_subtitle":"","footnotes":"","jetpack_publicize_message":"","jetpack_publicize_feature_enabled":true,"jetpack_social_post_already_shared":true,"jetpack_social_options":{"image_generator_settings":{"template":"highway","default_image_id":0,"font":"","enabled":false},"version":2}},"categories":[4],"tags":[],"class_list":["post-1826","post","type-post","status-publish","format-standard","has-post-thumbnail","hentry","category-deporte"],"jetpack_publicize_connections":[],"jetpack_featured_media_url":"https:\/\/laurbedigital.com.ar\/noticias\/wp-content\/uploads\/2016\/03\/20160311-deporte.jpg","_links":{"self":[{"href":"https:\/\/laurbedigital.com.ar\/noticias\/wp-json\/wp\/v2\/posts\/1826","targetHints":{"allow":["GET"]}}],"collection":[{"href":"https:\/\/laurbedigital.com.ar\/noticias\/wp-json\/wp\/v2\/posts"}],"about":[{"href":"https:\/\/laurbedigital.com.ar\/noticias\/wp-json\/wp\/v2\/types\/post"}],"author":[{"embeddable":true,"href":"https:\/\/laurbedigital.com.ar\/noticias\/wp-json\/wp\/v2\/users\/1"}],"replies":[{"embeddable":true,"href":"https:\/\/laurbedigital.com.ar\/noticias\/wp-json\/wp\/v2\/comments?post=1826"}],"version-history":[{"count":1,"href":"https:\/\/laurbedigital.com.ar\/noticias\/wp-json\/wp\/v2\/posts\/1826\/revisions"}],"predecessor-version":[{"id":1828,"href":"https:\/\/laurbedigital.com.ar\/noticias\/wp-json\/wp\/v2\/posts\/1826\/revisions\/1828"}],"wp:featuredmedia":[{"embeddable":true,"href":"https:\/\/laurbedigital.com.ar\/noticias\/wp-json\/wp\/v2\/media\/1827"}],"wp:attachment":[{"href":"https:\/\/laurbedigital.com.ar\/noticias\/wp-json\/wp\/v2\/media?parent=1826"}],"wp:term":[{"taxonomy":"category","embeddable":true,"href":"https:\/\/laurbedigital.com.ar\/noticias\/wp-json\/wp\/v2\/categories?post=1826"},{"taxonomy":"post_tag","embeddable":true,"href":"https:\/\/laurbedigital.com.ar\/noticias\/wp-json\/wp\/v2\/tags?post=1826"}],"curies":[{"name":"wp","href":"https:\/\/api.w.org\/{rel}","templated":true}]}}