{"id":18166,"date":"2019-06-27T10:57:57","date_gmt":"2019-06-27T13:57:57","guid":{"rendered":"http:\/\/laurbedigital.com.ar\/noticias\/?p=18166"},"modified":"2019-06-27T10:57:57","modified_gmt":"2019-06-27T13:57:57","slug":"ate-bonaerense-formara-parte-una-carpa-ajuste-paritarias","status":"publish","type":"post","link":"https:\/\/laurbedigital.com.ar\/noticias\/2019\/06\/27\/ate-bonaerense-formara-parte-una-carpa-ajuste-paritarias\/","title":{"rendered":"ATE bonaerense formar\u00e1 parte de una carpa contra el ajuste y por paritarias"},"content":{"rendered":"<p>Durante una conferencia de prensa el sindicato estatal realizar\u00e1 una jornada de lucha frente al Congreso junto a la CICOP y a la AJB. Exigir\u00e1n pol\u00edticas p\u00fablicas que alcancen a los sectores populares y la reapertura de negociaciones colectivas.<\/p>\n<p>Los gremios del Estado bonaerense trasladar\u00e1n el reclamo hacia el gobierno nacional cuando el mi\u00e9rcoles 26 levanten una carpa y realicen diversas actividades para visibilizar el estado en el que se encuentra los distintos sectores p\u00fablicos provinciales.<\/p>\n<p>Vanina Rodr\u00edguez, prosecretaria gremial de ATE provincia de Buenos Aires, se\u00f1al\u00f3 que \u00abseremos parte de la carpa el 26 reclamando la reapertura de la paritaria para los de la ley 10.430 que tuvieron un acuerdo en cuotas que se fue licuando con la inflaci\u00f3n. El 60 por ciento de los estatales est\u00e1n por debajo de la l\u00ednea de la pobreza\u201d.<\/p>\n<p>Adem\u00e1s, agreg\u00f3 que \u201cmuchos de nuestros compa\u00f1eros que sostienen distintos sectores del Estado provincial no llegan a cubrir la canasta b\u00e1sica del INDEC de 30.337 pesos. En ese sentido tambi\u00e9n estamos planteando la discusi\u00f3n de condiciones laborales. En muchas escuelas no hay gas, en los comedores el sistema alimentario es deficitario y el \u00fanico plato de comida que tienen es el de la escuela y eso no garantiza nada\u201d.<\/p>\n<p>Respecto a la carpa manifest\u00f3 que \u201cparticiparemos y previo al 27 de junio (d\u00eda de lxs estatalxs) expondremos cu\u00e1les son las pol\u00edticas p\u00fablicas que precisamos en el Estado y llevaremos propuestas donde habr\u00e1 paneles y se discutir\u00e1 qu\u00e9 Estado queremos y necesitamos para garantizar la justicia, la educaci\u00f3n y la salud\u201d.<\/p>\n<p>Por su parte, Pablo Abramovich, titular de la AJB, dijo que \u201cnuestro reclamo central es que se retome la paritaria que se suspendi\u00f3 el 8 de mayo, que al d\u00eda de hoy a los 15 puntos que perdimos en 2018 se suma una p\u00e9rdida de 10 puntos por el primer semestre de 2019\u201d.<\/p>\n<p>Mientras que Marta M\u00e1rquez, dirigente de CICOP, a\u00f1adi\u00f3 que \u201cesta es una medida conjunta con los compa\u00f1eros y compa\u00f1eras de ATE, CICOP y la AJB. Instalaremos el mi\u00e9rcoles una carpa frente al Congreso de la naci\u00f3n para darle visibilidad a los graves problemas que tenemos en la provincia de Buenos Aires\u201d.<\/p>\n<p>\u201cExigimos pol\u00edticas p\u00fablicas inclusivas. El mi\u00e9rcoles 26 pararemos y reclamaremos la convocatoria a paritaria ya que no tenemos paritaria desde 2018, la cual no fue cerrada y este a\u00f1o tampoco tuvimos negociaciones\u201d, concluy\u00f3.<\/p>\n","protected":false},"excerpt":{"rendered":"<p>Durante una conferencia de prensa el sindicato estatal realizar\u00e1 una jornada de lucha frente al Congreso junto a la CICOP<\/p>\n","protected":false},"author":1,"featured_media":18167,"comment_status":"closed","ping_status":"closed","sticky":false,"template":"","format":"standard","meta":{"kia_subtitle":"","footnotes":"","jetpack_publicize_message":"","jetpack_publicize_feature_enabled":true,"jetpack_social_post_already_shared":true,"jetpack_social_options":{"image_generator_settings":{"template":"highway","default_image_id":0,"font":"","enabled":false},"version":2}},"categories":[3,56,39],"tags":[411,1647],"class_list":["post-18166","post","type-post","status-publish","format-standard","has-post-thumbnail","hentry","category-actualidad","category-buenos-aires","category-gremios","tag-ate-provincia-de-buenos-aires","tag-basta-de-ajuste"],"jetpack_publicize_connections":[],"jetpack_featured_media_url":"https:\/\/laurbedigital.com.ar\/noticias\/wp-content\/uploads\/2019\/06\/20190627-4.jpeg","_links":{"self":[{"href":"https:\/\/laurbedigital.com.ar\/noticias\/wp-json\/wp\/v2\/posts\/18166","targetHints":{"allow":["GET"]}}],"collection":[{"href":"https:\/\/laurbedigital.com.ar\/noticias\/wp-json\/wp\/v2\/posts"}],"about":[{"href":"https:\/\/laurbedigital.com.ar\/noticias\/wp-json\/wp\/v2\/types\/post"}],"author":[{"embeddable":true,"href":"https:\/\/laurbedigital.com.ar\/noticias\/wp-json\/wp\/v2\/users\/1"}],"replies":[{"embeddable":true,"href":"https:\/\/laurbedigital.com.ar\/noticias\/wp-json\/wp\/v2\/comments?post=18166"}],"version-history":[{"count":1,"href":"https:\/\/laurbedigital.com.ar\/noticias\/wp-json\/wp\/v2\/posts\/18166\/revisions"}],"predecessor-version":[{"id":18168,"href":"https:\/\/laurbedigital.com.ar\/noticias\/wp-json\/wp\/v2\/posts\/18166\/revisions\/18168"}],"wp:featuredmedia":[{"embeddable":true,"href":"https:\/\/laurbedigital.com.ar\/noticias\/wp-json\/wp\/v2\/media\/18167"}],"wp:attachment":[{"href":"https:\/\/laurbedigital.com.ar\/noticias\/wp-json\/wp\/v2\/media?parent=18166"}],"wp:term":[{"taxonomy":"category","embeddable":true,"href":"https:\/\/laurbedigital.com.ar\/noticias\/wp-json\/wp\/v2\/categories?post=18166"},{"taxonomy":"post_tag","embeddable":true,"href":"https:\/\/laurbedigital.com.ar\/noticias\/wp-json\/wp\/v2\/tags?post=18166"}],"curies":[{"name":"wp","href":"https:\/\/api.w.org\/{rel}","templated":true}]}}