{"id":18131,"date":"2019-06-24T16:46:14","date_gmt":"2019-06-24T19:46:14","guid":{"rendered":"http:\/\/laurbedigital.com.ar\/noticias\/?p=18131"},"modified":"2019-06-24T16:46:14","modified_gmt":"2019-06-24T19:46:14","slug":"burzaco-empiezan-ensayar-nuevas-alternativas","status":"publish","type":"post","link":"https:\/\/laurbedigital.com.ar\/noticias\/2019\/06\/24\/burzaco-empiezan-ensayar-nuevas-alternativas\/","title":{"rendered":"En Burzaco empiezan a ensayar nuevas alternativas"},"content":{"rendered":"<p>Con las ganas puestas en mejorar su situaci\u00f3n, San Mart\u00edn intenta generar un conjunto competitivo para salir al torneo.<\/p>\n<p>Con la confirmaci\u00f3n de Daniel Stechina como director t\u00e9cnico de San Mart\u00edn para la pr\u00f3xima temporada de la Primera C y con fecha para la vuelta a los trabajos para el pr\u00f3ximo lunes, ahora le apunta al rearmado del plantel.<\/p>\n<p>Mientras se definen los que no seguir\u00e1n en la instituci\u00f3n, aparecieron los primeros nombres que est\u00e1n en la mira del Azul para reforzar su n\u00f3mina de jugadores. Son Emiliano Terzaghi y Ezequiel Barabas los que podr\u00edan sumarse al Azul.<\/p>\n<p>Terzaghi surgi\u00f3 de la cantera de Banfield y jug\u00f3 varios a\u00f1os en la Primera del Taladro. Luego pas\u00f3 por Temperley, Defensores de Belgrano, Boca Unidos y Uni\u00f3n de Villa Krause. Este \u00faltimo semestre estuvo en La Catedral, donde lo dirigi\u00f3 Stechina.<\/p>\n<p>El delantero de 26 a\u00f1os es oriundo de Burzaco y estar\u00eda interesado en sumarse a Sanma para el pr\u00f3ximo torneo. En tanto, Barabas estuvo el \u00faltimo a\u00f1o en General Lamadrid y ya pas\u00f3 por el club en la temporada 2016\/17 y estar\u00eda encaminada su vuelta.<\/p>\n<p>Por otra parte, los \u00fanicos confirmados hasta el momento que contin\u00faan en San Mart\u00edn a la espera de los que resuelvan su continuidad, son Javier Monz\u00f3n, Dalmiro Gaeto y Bruno Rodr\u00edguez.<\/p>\n","protected":false},"excerpt":{"rendered":"<p>Con las ganas puestas en mejorar su situaci\u00f3n, San Mart\u00edn intenta generar un conjunto competitivo para salir al torneo. Con<\/p>\n","protected":false},"author":1,"featured_media":18132,"comment_status":"closed","ping_status":"closed","sticky":false,"template":"","format":"standard","meta":{"kia_subtitle":"","footnotes":"","jetpack_publicize_message":"","jetpack_publicize_feature_enabled":true,"jetpack_social_post_already_shared":true,"jetpack_social_options":{"image_generator_settings":{"template":"highway","default_image_id":0,"font":"","enabled":false},"version":2}},"categories":[4,28],"tags":[],"class_list":["post-18131","post","type-post","status-publish","format-standard","has-post-thumbnail","hentry","category-deporte","category-futbol"],"jetpack_publicize_connections":[],"jetpack_featured_media_url":"https:\/\/laurbedigital.com.ar\/noticias\/wp-content\/uploads\/2019\/06\/20190624-brown5.jpg","_links":{"self":[{"href":"https:\/\/laurbedigital.com.ar\/noticias\/wp-json\/wp\/v2\/posts\/18131","targetHints":{"allow":["GET"]}}],"collection":[{"href":"https:\/\/laurbedigital.com.ar\/noticias\/wp-json\/wp\/v2\/posts"}],"about":[{"href":"https:\/\/laurbedigital.com.ar\/noticias\/wp-json\/wp\/v2\/types\/post"}],"author":[{"embeddable":true,"href":"https:\/\/laurbedigital.com.ar\/noticias\/wp-json\/wp\/v2\/users\/1"}],"replies":[{"embeddable":true,"href":"https:\/\/laurbedigital.com.ar\/noticias\/wp-json\/wp\/v2\/comments?post=18131"}],"version-history":[{"count":1,"href":"https:\/\/laurbedigital.com.ar\/noticias\/wp-json\/wp\/v2\/posts\/18131\/revisions"}],"predecessor-version":[{"id":18133,"href":"https:\/\/laurbedigital.com.ar\/noticias\/wp-json\/wp\/v2\/posts\/18131\/revisions\/18133"}],"wp:featuredmedia":[{"embeddable":true,"href":"https:\/\/laurbedigital.com.ar\/noticias\/wp-json\/wp\/v2\/media\/18132"}],"wp:attachment":[{"href":"https:\/\/laurbedigital.com.ar\/noticias\/wp-json\/wp\/v2\/media?parent=18131"}],"wp:term":[{"taxonomy":"category","embeddable":true,"href":"https:\/\/laurbedigital.com.ar\/noticias\/wp-json\/wp\/v2\/categories?post=18131"},{"taxonomy":"post_tag","embeddable":true,"href":"https:\/\/laurbedigital.com.ar\/noticias\/wp-json\/wp\/v2\/tags?post=18131"}],"curies":[{"name":"wp","href":"https:\/\/api.w.org\/{rel}","templated":true}]}}