{"id":18021,"date":"2019-06-13T16:10:20","date_gmt":"2019-06-13T19:10:20","guid":{"rendered":"http:\/\/laurbedigital.com.ar\/noticias\/?p=18021"},"modified":"2019-06-13T16:10:20","modified_gmt":"2019-06-13T19:10:20","slug":"pueblo-gobierno-brown-recordaron-los-heroes-jose-maria-indino-mario-rodriguez","status":"publish","type":"post","link":"https:\/\/laurbedigital.com.ar\/noticias\/2019\/06\/13\/pueblo-gobierno-brown-recordaron-los-heroes-jose-maria-indino-mario-rodriguez\/","title":{"rendered":"Pueblo y gobierno de Brown recordaron a los h\u00e9roes Jos\u00e9 Mar\u00eda Indino y Mario Rodr\u00edguez"},"content":{"rendered":"<p>Autoridades municipales, ex combatientes de la Guerra de Malvinas y vecinos de Almirante Brown en general rindieron homenaje\u00a0 a los h\u00e9roes ca\u00eddos en Malvinas\u00a0\u00a0Jos\u00e9 Mar\u00eda Indino y Mario Rodr\u00edguez en las plazoletas que llevan sus nombres, ubicadas en la intersecci\u00f3n de Er\u00e9zcano y Toll de la localidad de Jos\u00e9 M\u00e1rmol.<\/p>\n<p>En la oportunidad, se cant\u00f3 el Himno,\u00a0\u00a0se coloc\u00f3 una ofrenda floral en memoria de los homenajeados y se rindi\u00f3 un minuto de silencio en honor a todos los ca\u00eddos en la guerra.<\/p>\n<p>Estuvieron presentes el secretario de Gobierno, Nicol\u00e1s Jawstuchenko -en representaci\u00f3n del intendente Mariano Cascallares-; el presidente del Concejo Deliberante, Juan Fabiani; la subsecretaria de Derechos Humanos, B\u00e1rbara Mi\u00f1\u00e1n; y el coordinador municipal de Ex combatientes, Jos\u00e9 Palacios;\u00a0\u00a0entre otros funcionarios del Ejecutivo y legislativo municipal.<\/p>\n<p>Por supuesto, participaron tambi\u00e9n del encuentro, los miembros del Centro de Veteranos Puerto Argentino de Almirante Brown; adem\u00e1s de la Compa\u00f1\u00eda de Comunicaciones Mecanizada N\u00ba 10 y el Comando de Brigada Mecanizada N\u00ba 10; familiares de los ca\u00eddos, delegaciones escolares y entidades de bien p\u00fablico de la comuna.<\/p>\n<p>En la ocasi\u00f3n, Jawtsuchenko subray\u00f3 que \u201cla causa Malvinas ha sido y ser\u00e1 en Almirante Brown una cuesti\u00f3n de Estado\u201d.<\/p>\n<p>En tanto, Palacios record\u00f3 a sus compa\u00f1eros desde la \u201ccolimba\u201d y destac\u00f3 la concreci\u00f3n, por parte del municipio, del pedido de los veteranos de sumar al lado de la plazoleta que homenajea al h\u00e9roe ca\u00eddo Jos\u00e9 Mar\u00eda Indino (vecino de Adrogu\u00e9), otra igual para recordar al soldado Mario Rodr\u00edguez (de la localidad de San Jos\u00e9) para recordarlos juntos tras el bombardeo de un avi\u00f3n ingl\u00e9s hace 37 a\u00f1os que termin\u00f3 con sus vidas.\u00a0\u00a0\u201cHoy ellos, y todos los compa\u00f1eros vecinos del distrito ca\u00eddos en la guerra, descansan en las islas, identificados con su nombre y apellido\u201d, valor\u00f3 para finalizar.<\/p>\n<p>Ese d\u00eda, el 11 de junio de 1982, por la noche, mor\u00eda tambi\u00e9n en combate el soldado Macedonio Fern\u00e1ndez, vecino de la localidad de Malvinas Argentinas, a quien se extendi\u00f3 el homenaje de las autoridades y de toda la comunidad.<\/p>\n","protected":false},"excerpt":{"rendered":"<p>Autoridades municipales, ex combatientes de la Guerra de Malvinas y vecinos de Almirante Brown en general rindieron homenaje\u00a0 a los<\/p>\n","protected":false},"author":1,"featured_media":18022,"comment_status":"closed","ping_status":"closed","sticky":false,"template":"","format":"standard","meta":{"kia_subtitle":"","footnotes":"","jetpack_publicize_message":"","jetpack_publicize_feature_enabled":true,"jetpack_social_post_already_shared":true,"jetpack_social_options":{"image_generator_settings":{"template":"highway","default_image_id":0,"font":"","enabled":false},"version":2}},"categories":[66,33,48],"tags":[915,1612],"class_list":["post-18021","post","type-post","status-publish","format-standard","has-post-thumbnail","hentry","category-interes-2","category-alte-brown-alte-brown","category-malvinas-argentinas","tag-cascallarespj","tag-homenaje-a-jose-maria-indino-y-mario-rodriguez"],"jetpack_publicize_connections":[],"jetpack_featured_media_url":"https:\/\/laurbedigital.com.ar\/noticias\/wp-content\/uploads\/2019\/06\/20190613-brown.jpg","_links":{"self":[{"href":"https:\/\/laurbedigital.com.ar\/noticias\/wp-json\/wp\/v2\/posts\/18021","targetHints":{"allow":["GET"]}}],"collection":[{"href":"https:\/\/laurbedigital.com.ar\/noticias\/wp-json\/wp\/v2\/posts"}],"about":[{"href":"https:\/\/laurbedigital.com.ar\/noticias\/wp-json\/wp\/v2\/types\/post"}],"author":[{"embeddable":true,"href":"https:\/\/laurbedigital.com.ar\/noticias\/wp-json\/wp\/v2\/users\/1"}],"replies":[{"embeddable":true,"href":"https:\/\/laurbedigital.com.ar\/noticias\/wp-json\/wp\/v2\/comments?post=18021"}],"version-history":[{"count":1,"href":"https:\/\/laurbedigital.com.ar\/noticias\/wp-json\/wp\/v2\/posts\/18021\/revisions"}],"predecessor-version":[{"id":18023,"href":"https:\/\/laurbedigital.com.ar\/noticias\/wp-json\/wp\/v2\/posts\/18021\/revisions\/18023"}],"wp:featuredmedia":[{"embeddable":true,"href":"https:\/\/laurbedigital.com.ar\/noticias\/wp-json\/wp\/v2\/media\/18022"}],"wp:attachment":[{"href":"https:\/\/laurbedigital.com.ar\/noticias\/wp-json\/wp\/v2\/media?parent=18021"}],"wp:term":[{"taxonomy":"category","embeddable":true,"href":"https:\/\/laurbedigital.com.ar\/noticias\/wp-json\/wp\/v2\/categories?post=18021"},{"taxonomy":"post_tag","embeddable":true,"href":"https:\/\/laurbedigital.com.ar\/noticias\/wp-json\/wp\/v2\/tags?post=18021"}],"curies":[{"name":"wp","href":"https:\/\/api.w.org\/{rel}","templated":true}]}}