{"id":18004,"date":"2019-06-10T20:10:16","date_gmt":"2019-06-10T23:10:16","guid":{"rendered":"http:\/\/laurbedigital.com.ar\/noticias\/?p=18004"},"modified":"2019-06-10T20:10:16","modified_gmt":"2019-06-10T23:10:16","slug":"mercado-barrio-recorre-las-plazas-brown-junio","status":"publish","type":"post","link":"https:\/\/laurbedigital.com.ar\/noticias\/2019\/06\/10\/mercado-barrio-recorre-las-plazas-brown-junio\/","title":{"rendered":"El Mercado en tu Barrio recorre las plazas de Brown en junio"},"content":{"rendered":"<p>Retorna a las plazas de Almirante Brown\u00a0 el programa \u201cEl Mercado en tu barrio\u201d\u00a0\u00a0que permite a los vecinos adquirir verduras, frutas, pescados, pastas y pan (entre otros productos comestibles), adem\u00e1s de art\u00edculos de limpieza, a\u00a0precios accesibles.<\/p>\n<p>La feria estar\u00e1 emplazada en el Parque de la Estaci\u00f3n de Claypole (Alcorta y Remedios de Escalada de San Mart\u00edn) los lunes 3 y 17.<\/p>\n<p>En la Uni\u00f3n Vecinal Sakura, Monte Santiago y Carlos Molina Massey, Longchamps, los lunes 10 y 24.<\/p>\n<p>Har\u00e1 lo propio en el Parque de la Estaci\u00f3n de Longchamps (Chiesa y Burgwardt) los martes 4, 11, 18 y 25, y tambi\u00e9n los viernes 7, 14, 21 y 28.<\/p>\n<p>En la Plaza Jap\u00f3n, Barrio Corimayo de Burzaco, ubicada en Olinda Bozan y Orfilia Rico, estar\u00e1 los mi\u00e9rcoles 5 y 18.<\/p>\n<p>En el CAPS N\u00b0 6, Juli\u00e1n Aguirre al 3100 e\/ Santa Clara y Gordillo, B\u00b0 Los \u00c1lamos, Glew, los mi\u00e9rcoles 12 y 26.<\/p>\n<p>En la Plaza CGT, Santa Ana y Mitre, de la localidad de San Jos\u00e9, los jueves 6, 13 y 27.<\/p>\n<p>En todos los casos se desarrollar\u00e1 de 9 a 14 hs. Se suspender\u00e1 en casos de lluvia.<\/p>\n","protected":false},"excerpt":{"rendered":"<p>Retorna a las plazas de Almirante Brown\u00a0 el programa \u201cEl Mercado en tu barrio\u201d\u00a0\u00a0que permite a los vecinos adquirir verduras,<\/p>\n","protected":false},"author":1,"featured_media":18005,"comment_status":"closed","ping_status":"closed","sticky":false,"template":"","format":"standard","meta":{"kia_subtitle":"","footnotes":"","jetpack_publicize_message":"","jetpack_publicize_feature_enabled":true,"jetpack_social_post_already_shared":true,"jetpack_social_options":{"image_generator_settings":{"template":"highway","default_image_id":0,"font":"","enabled":false},"version":2}},"categories":[2,33],"tags":[1611],"class_list":["post-18004","post","type-post","status-publish","format-standard","has-post-thumbnail","hentry","category-alte-brown","category-alte-brown-alte-brown","tag-el-mercado-en-tu-barrio-almirante-brown"],"jetpack_publicize_connections":[],"jetpack_featured_media_url":"https:\/\/laurbedigital.com.ar\/noticias\/wp-content\/uploads\/2019\/06\/20190610-brown6.jpg","_links":{"self":[{"href":"https:\/\/laurbedigital.com.ar\/noticias\/wp-json\/wp\/v2\/posts\/18004","targetHints":{"allow":["GET"]}}],"collection":[{"href":"https:\/\/laurbedigital.com.ar\/noticias\/wp-json\/wp\/v2\/posts"}],"about":[{"href":"https:\/\/laurbedigital.com.ar\/noticias\/wp-json\/wp\/v2\/types\/post"}],"author":[{"embeddable":true,"href":"https:\/\/laurbedigital.com.ar\/noticias\/wp-json\/wp\/v2\/users\/1"}],"replies":[{"embeddable":true,"href":"https:\/\/laurbedigital.com.ar\/noticias\/wp-json\/wp\/v2\/comments?post=18004"}],"version-history":[{"count":2,"href":"https:\/\/laurbedigital.com.ar\/noticias\/wp-json\/wp\/v2\/posts\/18004\/revisions"}],"predecessor-version":[{"id":18208,"href":"https:\/\/laurbedigital.com.ar\/noticias\/wp-json\/wp\/v2\/posts\/18004\/revisions\/18208"}],"wp:featuredmedia":[{"embeddable":true,"href":"https:\/\/laurbedigital.com.ar\/noticias\/wp-json\/wp\/v2\/media\/18005"}],"wp:attachment":[{"href":"https:\/\/laurbedigital.com.ar\/noticias\/wp-json\/wp\/v2\/media?parent=18004"}],"wp:term":[{"taxonomy":"category","embeddable":true,"href":"https:\/\/laurbedigital.com.ar\/noticias\/wp-json\/wp\/v2\/categories?post=18004"},{"taxonomy":"post_tag","embeddable":true,"href":"https:\/\/laurbedigital.com.ar\/noticias\/wp-json\/wp\/v2\/tags?post=18004"}],"curies":[{"name":"wp","href":"https:\/\/api.w.org\/{rel}","templated":true}]}}