{"id":18001,"date":"2019-06-10T19:13:27","date_gmt":"2019-06-10T22:13:27","guid":{"rendered":"http:\/\/laurbedigital.com.ar\/noticias\/?p=18001"},"modified":"2019-06-10T19:13:27","modified_gmt":"2019-06-10T22:13:27","slug":"abuelas-plaza-mayo-recupero-al-nieto-130-estara-la-conferencia-prensa","status":"publish","type":"post","link":"https:\/\/laurbedigital.com.ar\/noticias\/2019\/06\/10\/abuelas-plaza-mayo-recupero-al-nieto-130-estara-la-conferencia-prensa\/","title":{"rendered":"Abuelas de Plaza de Mayo recuper\u00f3 al nieto 130 que estar\u00e1 en la conferencia de prensa"},"content":{"rendered":"<p>Seg\u00fan un comunicado emitido por Abuelas, el nieto vive \u00abfuera de Capital Federal\u00bb, pero \u00abtiene la voluntad de estar presente durante el anuncio\u00bb, raz\u00f3n por la cual se defini\u00f3 que la conferencia ser\u00e1 reci\u00e9n el jueves.<\/p>\n<p>La Asociaci\u00f3n de Abuelas de Plaza de Mayo confirm\u00f3 hoy que se recuper\u00f3 al nieto n\u00famero 130, apropiado durante la \u00faltima dictadura militar, por lo que brindar\u00e1n una conferencia de prensa el jueves para dar m\u00e1s detalles de la historia.<\/p>\n<p>Seg\u00fan un comunicado emitido por Abuelas, el nieto vive \u00abfuera de Capital Federal\u00bb, pero \u00abtiene la voluntad de estar presente durante el anuncio\u00bb, raz\u00f3n por la cual se defini\u00f3 que la conferencia ser\u00e1 reci\u00e9n el jueves.<\/p>\n<p>Abuelas agradeci\u00f3 \u00ablas muestras de afecto y alegr\u00eda por esta tarea que se ha vuelto colectiva\u00bb, y pidi\u00f3 \u00abpaciencia y prudencia hasta el jueves\u00bb, cuando estar\u00e1n \u00aben condiciones de brindar toda la informaci\u00f3n del caso\u00bb.<\/p>\n","protected":false},"excerpt":{"rendered":"<p>Seg\u00fan un comunicado emitido por Abuelas, el nieto vive \u00abfuera de Capital Federal\u00bb, pero \u00abtiene la voluntad de estar presente<\/p>\n","protected":false},"author":1,"featured_media":18002,"comment_status":"closed","ping_status":"closed","sticky":false,"template":"","format":"standard","meta":{"kia_subtitle":"","footnotes":"","jetpack_publicize_message":"","jetpack_publicize_feature_enabled":true,"jetpack_social_post_already_shared":true,"jetpack_social_options":{"image_generator_settings":{"template":"highway","default_image_id":0,"font":"","enabled":false},"version":2}},"categories":[3,41],"tags":[879,148,1610],"class_list":["post-18001","post","type-post","status-publish","format-standard","has-post-thumbnail","hentry","category-actualidad","category-nacionales","tag-abuelas-de-plaza-de-mayo","tag-derechos-humanos","tag-nieto-recuperado-130"],"jetpack_publicize_connections":[],"jetpack_featured_media_url":"https:\/\/laurbedigital.com.ar\/noticias\/wp-content\/uploads\/2019\/06\/20190610-nac.jpg","_links":{"self":[{"href":"https:\/\/laurbedigital.com.ar\/noticias\/wp-json\/wp\/v2\/posts\/18001","targetHints":{"allow":["GET"]}}],"collection":[{"href":"https:\/\/laurbedigital.com.ar\/noticias\/wp-json\/wp\/v2\/posts"}],"about":[{"href":"https:\/\/laurbedigital.com.ar\/noticias\/wp-json\/wp\/v2\/types\/post"}],"author":[{"embeddable":true,"href":"https:\/\/laurbedigital.com.ar\/noticias\/wp-json\/wp\/v2\/users\/1"}],"replies":[{"embeddable":true,"href":"https:\/\/laurbedigital.com.ar\/noticias\/wp-json\/wp\/v2\/comments?post=18001"}],"version-history":[{"count":1,"href":"https:\/\/laurbedigital.com.ar\/noticias\/wp-json\/wp\/v2\/posts\/18001\/revisions"}],"predecessor-version":[{"id":18003,"href":"https:\/\/laurbedigital.com.ar\/noticias\/wp-json\/wp\/v2\/posts\/18001\/revisions\/18003"}],"wp:featuredmedia":[{"embeddable":true,"href":"https:\/\/laurbedigital.com.ar\/noticias\/wp-json\/wp\/v2\/media\/18002"}],"wp:attachment":[{"href":"https:\/\/laurbedigital.com.ar\/noticias\/wp-json\/wp\/v2\/media?parent=18001"}],"wp:term":[{"taxonomy":"category","embeddable":true,"href":"https:\/\/laurbedigital.com.ar\/noticias\/wp-json\/wp\/v2\/categories?post=18001"},{"taxonomy":"post_tag","embeddable":true,"href":"https:\/\/laurbedigital.com.ar\/noticias\/wp-json\/wp\/v2\/tags?post=18001"}],"curies":[{"name":"wp","href":"https:\/\/api.w.org\/{rel}","templated":true}]}}