{"id":17998,"date":"2019-06-10T19:08:32","date_gmt":"2019-06-10T22:08:32","guid":{"rendered":"http:\/\/laurbedigital.com.ar\/noticias\/?p=17998"},"modified":"2019-06-10T19:08:32","modified_gmt":"2019-06-10T22:08:32","slug":"ate-lanza-una-jornada-provincial-lucha-ante-descuentos-educacion","status":"publish","type":"post","link":"https:\/\/laurbedigital.com.ar\/noticias\/2019\/06\/10\/ate-lanza-una-jornada-provincial-lucha-ante-descuentos-educacion\/","title":{"rendered":"ATE lanza una Jornada Provincial de Lucha ante descuentos en Educaci\u00f3n"},"content":{"rendered":"<p>Se realiz\u00f3 en las distintas ciudades de la provincia de Buenos Aires, una jornada provincial de protesta exigiendo que se devuelvan los descuentos realizados por d\u00edas de paro a todos los trabajadores de la educaci\u00f3n. La medida comprendi\u00f3 movilizaciones y concentraciones a los consejos escolares y organismos de la educaci\u00f3n en todo el territorio bonaerense.<\/p>\n<p>Adem\u00e1s, desde ATE bonaerense volvieron a exigir la reapertura de la paritaria salarial para lxs trabajadorxs de la Ley 10.430.<\/p>\n<p>Seg\u00fan lo planteado por el secretario general adjunto de ATE provincia de Buenos Aires,\u00a0Carlos D\u00edaz, la protesta surge porque \u201cel viernes pasado los auxiliares, administrativos y docentes, recibieron en sus cuentas salariales brutales descuentos que van entre 5 mil y 11 mil pesos, en salarios promedios de 16 mil pesos, como en el caso de los auxiliares\u201d.<\/p>\n<p>En la ciudad de La Plata, la movilizaci\u00f3n fue hacia la Subsecretaria de Recursos Humanos de la Direcci\u00f3n General de Cultura y Educaci\u00f3n, ubicada en 44 entre 5 y 6, donde distintas seccionales de la regi\u00f3n y el conurbano confluyeron junto a otros gremios.<\/p>\n<p>Desde all\u00ed se inici\u00f3 una permanencia con un acto, a la espera de ser atendidos por las autoridades.<\/p>\n<p>\u00abRecuerden cuando fallecieron compa\u00f1eros por los descuentos brutales y ahora vuelven a la carga con la misma pol\u00edtica\u00bb, expres\u00f3\u00a0Walter Cravero, secretario general de ATE Moreno y agreg\u00f3:\u00a0\u00abClaramente no tienen ning\u00fan tipo de sensibilidad para con el pueblo y con los trabajadores. Tienen que devolvernos todo lo que nos descontaron y reabrir la paritaria\u00ab.<\/p>\n<p>\u201cNosotros trabajadores del Estado tenemos dignidad, tenemos una espalda que nos impulsa a dar la pelea hasta que estos panza llena nos devuelvan lo que nos robaron. Los derechos son derechos y no vamos a soportar que nos los quieran quitar\u201d, se\u00f1al\u00f3 el secretario general de ATE Berisso,\u00a0Juan Murgia.<\/p>\n<p>Asimismo,\u00a0Alexis Acosta, secretario gremial de ATE Berazategui, indic\u00f3 que \u201cNos dijeron que iban a mejorar la salud, la educaci\u00f3n y la calidad de vida de los bonaerenses. A tres a\u00f1os de gesti\u00f3n solo tenemos menos escuelas, menos jardines, menos personal. Hace un tiempo atr\u00e1s discut\u00edamos aumento salarial, ahora discutimos que no nos descuenten los d\u00edas de huelga. Estamos pidiendo nombramiento de personal y que lo que lo hacen de manera precaria cobren en tiempo y forma\u201d.<\/p>\n<p>\u201cNos encontramos con auxiliares y docentes cada vez m\u00e1s pobres. Un auxiliar que cobra 18.500 pesos, seguramente no llega a fin de mes con su salario. Y esta es la pol\u00edtica que tienen Sanchez Zinny y Vidal, la de hambrear al pueblo. Nos meten la mano en el bolsillo, que nos devuelvan la plata. No est\u00e1n garantizando el correcto funcionamiento de las escuelas. Los chicos en los comedores se quedan con hambre, las escuelas est\u00e1n sucias y rotas, y para peor no podemos llegar a fin de mes\u201d, dijo\u00a0Jesica Salinas, referente plantense del sector.<\/p>\n<p>Quien tambi\u00e9n habl\u00f3, fue la secretaria general de ATE Azul,\u00a0Vanina Zurita: \u201cDebemos redoblar la apuesta y reproducir lo que est\u00e1 sucediendo en toda la provincia en cada consejo escolar hasta que nos devuelvan la guita\u201d.<\/p>\n","protected":false},"excerpt":{"rendered":"<p>Se realiz\u00f3 en las distintas ciudades de la provincia de Buenos Aires, una jornada provincial de protesta exigiendo que se<\/p>\n","protected":false},"author":1,"featured_media":17999,"comment_status":"closed","ping_status":"closed","sticky":false,"template":"","format":"standard","meta":{"kia_subtitle":"","footnotes":"","jetpack_publicize_message":"","jetpack_publicize_feature_enabled":true,"jetpack_social_post_already_shared":true,"jetpack_social_options":{"image_generator_settings":{"template":"highway","default_image_id":0,"font":"","enabled":false},"version":2}},"categories":[3,56,39,40],"tags":[411,1609],"class_list":["post-17998","post","type-post","status-publish","format-standard","has-post-thumbnail","hentry","category-actualidad","category-buenos-aires","category-gremios","category-provincia","tag-ate-provincia-de-buenos-aires","tag-descuentos-a-docentes-provinciales"],"jetpack_publicize_connections":[],"jetpack_featured_media_url":"https:\/\/laurbedigital.com.ar\/noticias\/wp-content\/uploads\/2019\/06\/20190610-pcia.jpg","_links":{"self":[{"href":"https:\/\/laurbedigital.com.ar\/noticias\/wp-json\/wp\/v2\/posts\/17998","targetHints":{"allow":["GET"]}}],"collection":[{"href":"https:\/\/laurbedigital.com.ar\/noticias\/wp-json\/wp\/v2\/posts"}],"about":[{"href":"https:\/\/laurbedigital.com.ar\/noticias\/wp-json\/wp\/v2\/types\/post"}],"author":[{"embeddable":true,"href":"https:\/\/laurbedigital.com.ar\/noticias\/wp-json\/wp\/v2\/users\/1"}],"replies":[{"embeddable":true,"href":"https:\/\/laurbedigital.com.ar\/noticias\/wp-json\/wp\/v2\/comments?post=17998"}],"version-history":[{"count":1,"href":"https:\/\/laurbedigital.com.ar\/noticias\/wp-json\/wp\/v2\/posts\/17998\/revisions"}],"predecessor-version":[{"id":18000,"href":"https:\/\/laurbedigital.com.ar\/noticias\/wp-json\/wp\/v2\/posts\/17998\/revisions\/18000"}],"wp:featuredmedia":[{"embeddable":true,"href":"https:\/\/laurbedigital.com.ar\/noticias\/wp-json\/wp\/v2\/media\/17999"}],"wp:attachment":[{"href":"https:\/\/laurbedigital.com.ar\/noticias\/wp-json\/wp\/v2\/media?parent=17998"}],"wp:term":[{"taxonomy":"category","embeddable":true,"href":"https:\/\/laurbedigital.com.ar\/noticias\/wp-json\/wp\/v2\/categories?post=17998"},{"taxonomy":"post_tag","embeddable":true,"href":"https:\/\/laurbedigital.com.ar\/noticias\/wp-json\/wp\/v2\/tags?post=17998"}],"curies":[{"name":"wp","href":"https:\/\/api.w.org\/{rel}","templated":true}]}}